{"id":131424,"date":"2026-01-10T11:11:15","date_gmt":"2026-01-10T11:11:15","guid":{"rendered":"https:\/\/www.europesays.com\/se\/131424\/"},"modified":"2026-01-10T11:11:15","modified_gmt":"2026-01-10T11:11:15","slug":"sff-bjuder-pa-kunskap-fotosidan","status":"publish","type":"post","link":"https:\/\/www.europesays.com\/se\/131424\/","title":{"rendered":"SFF bjuder p\u00e5 kunskap &#8211; Fotosidan"},"content":{"rendered":"<p>Som Plus-medlem f&amp;aringr du: Tillg&amp;aringng till v&amp;aringra Plus-artiklar | Egen blogg och Portfolio | Fri uppladdning av dina bilder | Rabatt p&amp;aring kameraf\u00f6rs\u00e4kring och fotoresor | 20% rabatt p&amp;aring Leofoto-stativ och tillbeh\u00f6r | K\u00f6p till Sveriges mest l\u00e4sta fototidning Fotosidan Magasin till extra bra pris.<\/p>\n<p>Plusmedlemskap kostar 349 kr per \u00e5r<\/p>\n","protected":false},"excerpt":{"rendered":"Som Plus-medlem f&amp;aringr du: Tillg&amp;aringng till v&amp;aringra Plus-artiklar | Egen blogg och Portfolio | Fri uppladdning av dina&hellip;\n","protected":false},"author":2,"featured_media":131425,"comment_status":"","ping_status":"","sticky":false,"template":"","format":"standard","meta":{"footnotes":""},"categories":[67],"tags":[104,34,9577,31,33,32,30,105],"class_list":{"0":"post-131424","1":"post","2":"type-post","3":"status-publish","4":"format-standard","5":"has-post-thumbnail","7":"category-underhallning","8":"tag-entertainment","9":"tag-se","10":"tag-sff","11":"tag-svenska","12":"tag-sverige","13":"tag-sweden","14":"tag-swedish","15":"tag-underhallning"},"share_on_mastodon":{"url":"https:\/\/pubeurope.com\/@se\/115870504256742866","error":""},"_links":{"self":[{"href":"https:\/\/www.europesays.com\/se\/wp-json\/wp\/v2\/posts\/131424","targetHints":{"allow":["GET"]}}],"collection":[{"href":"https:\/\/www.europesays.com\/se\/wp-json\/wp\/v2\/posts"}],"about":[{"href":"https:\/\/www.europesays.com\/se\/wp-json\/wp\/v2\/types\/post"}],"author":[{"embeddable":true,"href":"https:\/\/www.europesays.com\/se\/wp-json\/wp\/v2\/users\/2"}],"replies":[{"embeddable":true,"href":"https:\/\/www.europesays.com\/se\/wp-json\/wp\/v2\/comments?post=131424"}],"version-history":[{"count":0,"href":"https:\/\/www.europesays.com\/se\/wp-json\/wp\/v2\/posts\/131424\/revisions"}],"wp:featuredmedia":[{"embeddable":true,"href":"https:\/\/www.europesays.com\/se\/wp-json\/wp\/v2\/media\/131425"}],"wp:attachment":[{"href":"https:\/\/www.europesays.com\/se\/wp-json\/wp\/v2\/media?parent=131424"}],"wp:term":[{"taxonomy":"category","embeddable":true,"href":"https:\/\/www.europesays.com\/se\/wp-json\/wp\/v2\/categories?post=131424"},{"taxonomy":"post_tag","embeddable":true,"href":"https:\/\/www.europesays.com\/se\/wp-json\/wp\/v2\/tags?post=131424"}],"curies":[{"name":"wp","href":"https:\/\/api.w.org\/{rel}","templated":true}]}}