{"id":131432,"date":"2026-01-10T11:20:08","date_gmt":"2026-01-10T11:20:08","guid":{"rendered":"https:\/\/www.europesays.com\/se\/131432\/"},"modified":"2026-01-10T11:20:08","modified_gmt":"2026-01-10T11:20:08","slug":"uppgifter-stor-forandring-for-iphonekunder-under-2026","status":"publish","type":"post","link":"https:\/\/www.europesays.com\/se\/131432\/","title":{"rendered":"UPPGIFTER: Stor f\u00f6r\u00e4ndring f\u00f6r iPhonekunder under 2026"},"content":{"rendered":"<p>TV4 har tidigare meddelat att man kommer att sluta s\u00e4nda i markn\u00e4tet.<\/p>\n<p>Men m\u00e5nga har inte h\u00e4ngt med \u2013 och tusentals riskerar att drabbas n\u00e4r kanalen sl\u00e4cks ned p\u00e5 m\u00e5ndag.<\/p>\n<p><strong>Kan drabba tusentals<\/strong><\/p>\n<p>Fr\u00e5n och med den 12 januari, allts\u00e5 nu p\u00e5 m\u00e5ndag, upph\u00f6r TV4:s s\u00e4ndningar via markn\u00e4tet.<\/p>\n<p>Det betyder att man inte l\u00e4ngre kommer kunna se kanalen gratis via tv-antenn. Ist\u00e4llet kan man se kanalen via fiber, kabel, parabol eller digitalt via TV4 Play.<\/p>\n<p>Men m\u00e5nga har missat f\u00f6r\u00e4ndringen, rapporterar SR.<\/p>\n<p>Christer Ljungberg, som \u00e4ger Radio- och TV-h\u00f6rnan i Visby p\u00e5 Gotland, vittnar om att m\u00e5nga kunder som h\u00f6r av sig till honom kommer att drabbas.<\/p>\n<p>P\u00e5 landsbygden kring Visby och p\u00e5 Gotland \u00e4r detta ett problem f\u00f6r upp till 2000 boende, uppskattar han.<\/p>\n<p>\u2013 Ja, det \u00e4r ganska stort. Det \u00e4r m\u00e5nga som sitter ute i sina hus ute p\u00e5 landet som inte har digitalt, de har inte fiber, de har haft tv-antenn, s\u00e4ger Christer Ljungberg till radiokanalen.<\/p>\n<p>L\u00c4S OCKS\u00c5: <a style=\"color: #0000ff;\" href=\"https:\/\/ekonomibladet.se\/ica-butik-stanger-efter-60-ar\/\" rel=\"nofollow noopener\" target=\"_blank\">Ica-butik st\u00e4nger &#8211; efter 60 \u00e5r<\/a><\/p>\n<p><strong>\u201d\u00d6verraskning f\u00f6r m\u00e5nga\u201d<\/strong><\/p>\n<p>Trots att TV4 f\u00f6r flera m\u00e5nader sedan gick ut med beskedet att man l\u00e4mnar markn\u00e4tet, \u00e4r det m\u00e5nga som har missat det.<\/p>\n<p>\u2013 F\u00f6r m\u00e5nga har det blivit en \u00f6verraskning, alla visste inte. Det har st\u00e5tt en banner p\u00e5 tv:n n\u00e4r man tittar p\u00e5 TV4, att den kommer att sl\u00e4ckas, men det \u00e4r inte alla som\u2026 ja, de nonchalerar det d\u00e4r, s\u00e4ger Christer Ljungberg.<\/p>\n<p>Av den totala befolkningen \u00e4r det dock en liten andel som drabbas.<\/p>\n<p>\u2013 Enligt en unders\u00f6kning best\u00e4lld av TV4 anv\u00e4nder endast cirka fyra procent av svenska hush\u00e5ll markn\u00e4tet som sin enda TV-distribution, har kanalen tidigare uppgett.<\/p>\n<p><strong>Uppmanas hj\u00e4lpa<\/strong><\/p>\n<p>Kanalen s\u00e4ger att de \u00e4r medvetna om att f\u00f6r\u00e4ndringen kan medf\u00f6ra problem f\u00f6r exempelvis \u00e4ldre och teknikovana.<\/p>\n<p>\u2013 D\u00e4rf\u00f6r arbetar vi aktivt f\u00f6r att st\u00f6tta dessa tittare, b\u00e5de innan och efter att s\u00e4ndningarna i markn\u00e4tet upph\u00f6r. Vi uppmuntrar ocks\u00e5 anh\u00f6riga, hyresv\u00e4rdar och fastighets\u00e4gare att hj\u00e4lpa till med att dela information och bist\u00e5 de som beh\u00f6ver extra st\u00f6d, skriver kanalen.<\/p>\n<p>L\u00c4S OCKS\u00c5: <a style=\"color: #0000ff;\" href=\"https:\/\/ekonomibladet.se\/bekraftat-har-ar-arets-bil-2026\/\" rel=\"nofollow noopener\" target=\"_blank\">Bekr\u00e4ftat: H\u00e4r \u00e4r \u00c5rets Bil 2026<\/a><\/p>\n<p>Foto: JESHOOTS.com<\/p>\n<p>Text: Redaktionen<\/p>\n","protected":false},"excerpt":{"rendered":"TV4 har tidigare meddelat att man kommer att sluta s\u00e4nda i markn\u00e4tet. Men m\u00e5nga har inte h\u00e4ngt med&hellip;\n","protected":false},"author":2,"featured_media":131433,"comment_status":"","ping_status":"","sticky":false,"template":"","format":"standard","meta":{"footnotes":""},"categories":[66],"tags":[80,78,79,34,31,33,32,30,81,84,83,82],"class_list":{"0":"post-131432","1":"post","2":"type-post","3":"status-publish","4":"format-standard","5":"has-post-thumbnail","7":"category-vetenskap-och-teknik","8":"tag-science","9":"tag-science-and-technology","10":"tag-scienceandtechnology","11":"tag-se","12":"tag-svenska","13":"tag-sverige","14":"tag-sweden","15":"tag-swedish","16":"tag-technology","17":"tag-teknik","18":"tag-vetenskap","19":"tag-vetenskapteknik"},"share_on_mastodon":{"url":"https:\/\/pubeurope.com\/@se\/115870539641403672","error":""},"_links":{"self":[{"href":"https:\/\/www.europesays.com\/se\/wp-json\/wp\/v2\/posts\/131432","targetHints":{"allow":["GET"]}}],"collection":[{"href":"https:\/\/www.europesays.com\/se\/wp-json\/wp\/v2\/posts"}],"about":[{"href":"https:\/\/www.europesays.com\/se\/wp-json\/wp\/v2\/types\/post"}],"author":[{"embeddable":true,"href":"https:\/\/www.europesays.com\/se\/wp-json\/wp\/v2\/users\/2"}],"replies":[{"embeddable":true,"href":"https:\/\/www.europesays.com\/se\/wp-json\/wp\/v2\/comments?post=131432"}],"version-history":[{"count":0,"href":"https:\/\/www.europesays.com\/se\/wp-json\/wp\/v2\/posts\/131432\/revisions"}],"wp:featuredmedia":[{"embeddable":true,"href":"https:\/\/www.europesays.com\/se\/wp-json\/wp\/v2\/media\/131433"}],"wp:attachment":[{"href":"https:\/\/www.europesays.com\/se\/wp-json\/wp\/v2\/media?parent=131432"}],"wp:term":[{"taxonomy":"category","embeddable":true,"href":"https:\/\/www.europesays.com\/se\/wp-json\/wp\/v2\/categories?post=131432"},{"taxonomy":"post_tag","embeddable":true,"href":"https:\/\/www.europesays.com\/se\/wp-json\/wp\/v2\/tags?post=131432"}],"curies":[{"name":"wp","href":"https:\/\/api.w.org\/{rel}","templated":true}]}}