{"id":131437,"date":"2026-01-10T11:31:15","date_gmt":"2026-01-10T11:31:15","guid":{"rendered":"https:\/\/www.europesays.com\/se\/131437\/"},"modified":"2026-01-10T11:31:15","modified_gmt":"2026-01-10T11:31:15","slug":"uppdatering-i-arende-om-misstankt-spioneri-aklagarmyndigheten","status":"publish","type":"post","link":"https:\/\/www.europesays.com\/se\/131437\/","title":{"rendered":"Uppdatering i \u00e4rende om misst\u00e4nkt spioneri &#8211; \u00c5klagarmyndigheten"},"content":{"rendered":"<ol>\n<li><a href=\"https:\/\/news.google.com\/rss\/articles\/CBMiqwFBVV95cUxQNzJTMFczN3dOZHJsNnAtekVUcDIyemlnLVpIUVhWS000a0NaV0hvOGZBZUMzWGZ0NUVDQXRON1lyTzdlVHpadHl4S3JNb1p4Q2E5VExOa3dVT3dfY0tqMnNtNFRVakg2R2pIc0pRcF9zZW1QWW1xWktKb2Y5T0dUT0VLOEdTT2FuenVxRF9MZnIxc3BCYk5aX0c3bU1kWmkzaDRMNGhsZWNPV1k?oc=5\" target=\"_blank\" rel=\"nofollow noopener\">Uppdatering i \u00e4rende om misst\u00e4nkt spioneri<\/a>&nbsp;&nbsp;\u00c5klagarmyndigheten<\/li>\n<li><a href=\"https:\/\/news.google.com\/rss\/articles\/CBMifkFVX3lxTE9MU3B6VWx3SnZQSDE0UHRLU0p6VjRKalhGV09IMFdmSy1ja1VneHVDNEtrNVJMeWUxdVUybi1nM0I3TkYzYy1wZkNCTkhQenQ5Z2NsVHBEQWpXTHJVZGlQV3hRYjRIdm1sU0otVV9fa0Y2ekNIVUJvS3BuSUQ0UQ?oc=5\" target=\"_blank\" rel=\"nofollow noopener\">\u00c5klagaren om misst\u00e4nkta spion\u00e4rendet: \u201dRysk underr\u00e4ttelsetj\u00e4nst\u201d<\/a>&nbsp;&nbsp;SVT Nyheter<\/li>\n<li><a href=\"https:\/\/news.google.com\/rss\/articles\/CBMingFBVV95cUxQd3lWZWdFekdLcExrc0l5YkM4a1RMUTE2Z3IteDJwYUxVNDFWbEZfSEJNVmJta1J2QU5nRFVhSWNzNHZ3OFhDTkFTRDU1aXpfRl9MX05zcXd0YnlZcnE1M3J1U0Jid0cySTB1YjJqdXhCOExjRFlITDNudVNfUHhLQ1huYS1WR1pZVlNtSjh2NUE5ZzFlNmpmVlRFT1ZIdw?oc=5\" target=\"_blank\" rel=\"nofollow noopener\">Misst\u00e4nkt spion kan ha jobbat med rysk underr\u00e4ttelsetj\u00e4nst<\/a>&nbsp;&nbsp;Aftonbladet<\/li>\n<li><a href=\"https:\/\/news.google.com\/rss\/articles\/CBMimwFBVV95cUxPcnQ4YjJFbE9iYkJNZk1OLW1GM2dmb3hVRTZMSldUQUtfSGNJUkctWHRvZDhrd2VkdWM3Tm1EcUczMEs4dnNEbkpfcldPcGRweUxTQ1pjc2xBdWJ6SHpOZzB4ZzdLbkpFajRXWUluNzVGOFRxSUxkTU5Na3hySlZueUZ0Z1l4Z3VnSF9IZmctQVhkbktJbDRhdEZvcw?oc=5\" target=\"_blank\" rel=\"nofollow noopener\">\u00c5klagaren utreder rysk koppling i spionm\u00e5let<\/a>&nbsp;&nbsp;Mitt i<\/li>\n<li><a href=\"https:\/\/news.google.com\/rss\/articles\/CBMifkFVX3lxTE1Rbm5oRzNGY1NpUUtxM0N4eWk3V1JPY0xYcWR6TnZHN1hWYWExUEtCSVV2Rkp5czdtcGVUTmNadFBLcnFZLTJUS2xkNndQSDB3N1Uxa3Y3SHVDVXRvekp6S2txWXJHaVdqLXFMd2VyNmttc2VNTHM1VS1keHhTQQ?oc=5\" target=\"_blank\" rel=\"nofollow noopener\">Misst\u00e4nkt spion anst\u00e4lld vid f\u00f6rsvaret i fyra \u00e5r<\/a>&nbsp;&nbsp;Omni<\/li>\n<\/ol>\n","protected":false},"excerpt":{"rendered":"Uppdatering i \u00e4rende om misst\u00e4nkt spioneri&nbsp;&nbsp;\u00c5klagarmyndigheten \u00c5klagaren om misst\u00e4nkta spion\u00e4rendet: \u201dRysk underr\u00e4ttelsetj\u00e4nst\u201d&nbsp;&nbsp;SVT Nyheter Misst\u00e4nkt spion kan ha jobbat&hellip;\n","protected":false},"author":2,"featured_media":5946,"comment_status":"","ping_status":"","sticky":false,"template":"","format":"standard","meta":{"footnotes":""},"categories":[12],"tags":[980,979,22,23,26,27,17,21,24,25,28,29,15,16,18,34,31,33,32,30,19,20],"class_list":{"0":"post-131437","1":"post","2":"type-post","3":"status-publish","4":"format-standard","5":"has-post-thumbnail","7":"category-sverige","8":"tag-klagarmyndigheten","9":"tag-klagare","10":"tag-breaking-news","11":"tag-breakingnews","12":"tag-featured-news","13":"tag-featurednews","14":"tag-headlines","15":"tag-huvudnyheter","16":"tag-latest-news","17":"tag-latestnews","18":"tag-main-news","19":"tag-mainnews","20":"tag-news","21":"tag-nyheter","22":"tag-rubriker","23":"tag-se","24":"tag-svenska","25":"tag-sverige","26":"tag-sweden","27":"tag-swedish","28":"tag-top-stories","29":"tag-topstories"},"share_on_mastodon":{"url":"https:\/\/pubeurope.com\/@se\/115870582916537195","error":""},"_links":{"self":[{"href":"https:\/\/www.europesays.com\/se\/wp-json\/wp\/v2\/posts\/131437","targetHints":{"allow":["GET"]}}],"collection":[{"href":"https:\/\/www.europesays.com\/se\/wp-json\/wp\/v2\/posts"}],"about":[{"href":"https:\/\/www.europesays.com\/se\/wp-json\/wp\/v2\/types\/post"}],"author":[{"embeddable":true,"href":"https:\/\/www.europesays.com\/se\/wp-json\/wp\/v2\/users\/2"}],"replies":[{"embeddable":true,"href":"https:\/\/www.europesays.com\/se\/wp-json\/wp\/v2\/comments?post=131437"}],"version-history":[{"count":0,"href":"https:\/\/www.europesays.com\/se\/wp-json\/wp\/v2\/posts\/131437\/revisions"}],"wp:featuredmedia":[{"embeddable":true,"href":"https:\/\/www.europesays.com\/se\/wp-json\/wp\/v2\/media\/5946"}],"wp:attachment":[{"href":"https:\/\/www.europesays.com\/se\/wp-json\/wp\/v2\/media?parent=131437"}],"wp:term":[{"taxonomy":"category","embeddable":true,"href":"https:\/\/www.europesays.com\/se\/wp-json\/wp\/v2\/categories?post=131437"},{"taxonomy":"post_tag","embeddable":true,"href":"https:\/\/www.europesays.com\/se\/wp-json\/wp\/v2\/tags?post=131437"}],"curies":[{"name":"wp","href":"https:\/\/api.w.org\/{rel}","templated":true}]}}