{"id":131438,"date":"2026-01-10T11:32:06","date_gmt":"2026-01-10T11:32:06","guid":{"rendered":"https:\/\/www.europesays.com\/se\/131438\/"},"modified":"2026-01-10T11:32:06","modified_gmt":"2026-01-10T11:32:06","slug":"han-satt-inne-med-vilma-andersson-pratade-om-pris-pedofilers-ratt-i-samhallet","status":"publish","type":"post","link":"https:\/\/www.europesays.com\/se\/131438\/","title":{"rendered":"Han satt inne med Vilma Andersson: \u201dPratade om PRIS \u2013 Pedofilers r\u00e4tt i samh\u00e4llet\u201d"},"content":{"rendered":"<p>Det var klockan 21.22 p\u00e5 annandag jul som Vilma Andersson, 26, greps av polis, misst\u00e4nkt f\u00f6r mordet p\u00e5 en 25-\u00e5rig kvinna i R\u00f6nninge. D\u00e5 hade polisen spanat p\u00e5 den misst\u00e4nkta m\u00f6rdaren i n\u00e4stan elva timmar, enligt h\u00e4ktningsframst\u00e4llan.<\/p>\n<p>Under h\u00e4ktningsf\u00f6rhandlingen i S\u00f6dert\u00e4lje tingsr\u00e4tt den 30 december 2025 erk\u00e4nde Vilma Andersson grovt gravfridsbrott men nekade till mord.<\/p>\n","protected":false},"excerpt":{"rendered":"Det var klockan 21.22 p\u00e5 annandag jul som Vilma Andersson, 26, greps av polis, misst\u00e4nkt f\u00f6r mordet p\u00e5&hellip;\n","protected":false},"author":2,"featured_media":131439,"comment_status":"","ping_status":"","sticky":false,"template":"","format":"standard","meta":{"footnotes":""},"categories":[5],"tags":[22,23,26,27,17,21,24,25,28,29,15,16,18,34,31,33,32,30,19,20],"class_list":{"0":"post-131438","1":"post","2":"type-post","3":"status-publish","4":"format-standard","5":"has-post-thumbnail","7":"category-rubriker","8":"tag-breaking-news","9":"tag-breakingnews","10":"tag-featured-news","11":"tag-featurednews","12":"tag-headlines","13":"tag-huvudnyheter","14":"tag-latest-news","15":"tag-latestnews","16":"tag-main-news","17":"tag-mainnews","18":"tag-news","19":"tag-nyheter","20":"tag-rubriker","21":"tag-se","22":"tag-svenska","23":"tag-sverige","24":"tag-sweden","25":"tag-swedish","26":"tag-top-stories","27":"tag-topstories"},"share_on_mastodon":{"url":"https:\/\/pubeurope.com\/@se\/115870586796493106","error":""},"_links":{"self":[{"href":"https:\/\/www.europesays.com\/se\/wp-json\/wp\/v2\/posts\/131438","targetHints":{"allow":["GET"]}}],"collection":[{"href":"https:\/\/www.europesays.com\/se\/wp-json\/wp\/v2\/posts"}],"about":[{"href":"https:\/\/www.europesays.com\/se\/wp-json\/wp\/v2\/types\/post"}],"author":[{"embeddable":true,"href":"https:\/\/www.europesays.com\/se\/wp-json\/wp\/v2\/users\/2"}],"replies":[{"embeddable":true,"href":"https:\/\/www.europesays.com\/se\/wp-json\/wp\/v2\/comments?post=131438"}],"version-history":[{"count":0,"href":"https:\/\/www.europesays.com\/se\/wp-json\/wp\/v2\/posts\/131438\/revisions"}],"wp:featuredmedia":[{"embeddable":true,"href":"https:\/\/www.europesays.com\/se\/wp-json\/wp\/v2\/media\/131439"}],"wp:attachment":[{"href":"https:\/\/www.europesays.com\/se\/wp-json\/wp\/v2\/media?parent=131438"}],"wp:term":[{"taxonomy":"category","embeddable":true,"href":"https:\/\/www.europesays.com\/se\/wp-json\/wp\/v2\/categories?post=131438"},{"taxonomy":"post_tag","embeddable":true,"href":"https:\/\/www.europesays.com\/se\/wp-json\/wp\/v2\/tags?post=131438"}],"curies":[{"name":"wp","href":"https:\/\/api.w.org\/{rel}","templated":true}]}}