{"id":131440,"date":"2026-01-10T11:34:17","date_gmt":"2026-01-10T11:34:17","guid":{"rendered":"https:\/\/www.europesays.com\/se\/131440\/"},"modified":"2026-01-10T11:34:17","modified_gmt":"2026-01-10T11:34:17","slug":"edvin-anger-dyker-upp-i-falun-i-allra-sista-stund-langdskidor","status":"publish","type":"post","link":"https:\/\/www.europesays.com\/se\/131440\/","title":{"rendered":"Edvin Anger dyker upp i Falun \u2013 i allra sista stund | L\u00e4ngdskidor"},"content":{"rendered":"<p>Publicerad 10 jan 2026 kl 07.23Uppdaterad kl 12.18<\/p>\n<p><img   alt=\"\"\/><\/p>\n<p>Edvin Anger efter prologen i Falun.<\/p>\n<p>Foto: Expressen<\/p>\n<p>\u00d6ppna bild i helsk\u00e4rm<\/p>\n<p>Det kryllade redan av etablerade \u00e5kare i l\u00f6rdagens Smart Energy Cup-sprint. Calle Halfvarsson, Marcus Grate och Emil Danielsson \u00e4r n\u00e5gra av profilerna som jagar en sista minuten-biljett till OS.\u00a0<\/p>\n<p>Dessutom dyker Linn Svahn och Jonna Sundling upp f\u00f6r f\u00f6rsta g\u00e5ngen sedan v\u00e4rldscupen i Davos innan jul.<\/p>\n<p>Precis innan anm\u00e4lningarna st\u00e4ngde klev ytterligare en stj\u00e4rna in i handlingarna.<\/p>\n<p>\u2013 Jag \u00e4r ju hemma i Hedemora s\u00e5 d\u00e5 k\u00e4ndes det kul att f\u00e5 komma hit och k\u00f6ra, s\u00e4ger Anger.<\/p>\n<p>Edvin Anger har dragits med en stel rygg efter Tour de ski.<\/p>\n<p>\u2013 Jag har tagit tre behandlingar den h\u00e4r veckan och best\u00e4mde mig i g\u00e5r eftermiddag. Nu borde kroppen komma i ordning. Jag f\u00f6rs\u00f6ker se det h\u00e4r som ett tr\u00e4ningspass.<\/p>\n<p>23-\u00e5ringen k\u00f6rde in som trea i kvalet, drygt en sekund efter Jesper Persson och Emil Danielsson.<\/p>\n<p>\u2013 Det var bitigt d\u00e4r ute, s\u00e4ger Anger i den 17 grader kalla kylan.<\/p>\n<p>Expressen s\u00e4nder sprintfinalerna i Falun med start 10.30.\u00a0<\/p>\n","protected":false},"excerpt":{"rendered":"Publicerad 10 jan 2026 kl 07.23Uppdaterad kl 12.18 Edvin Anger efter prologen i Falun. Foto: Expressen \u00d6ppna bild&hellip;\n","protected":false},"author":2,"featured_media":131441,"comment_status":"","ping_status":"","sticky":false,"template":"","format":"standard","meta":{"footnotes":""},"categories":[68],"tags":[34,857,111,110,31,33,32,30],"class_list":{"0":"post-131440","1":"post","2":"type-post","3":"status-publish","4":"format-standard","5":"has-post-thumbnail","7":"category-sport","8":"tag-se","9":"tag-sections-langdskidor","10":"tag-sport","11":"tag-sports","12":"tag-svenska","13":"tag-sverige","14":"tag-sweden","15":"tag-swedish"},"share_on_mastodon":{"url":"https:\/\/pubeurope.com\/@se\/115870594645525031","error":""},"_links":{"self":[{"href":"https:\/\/www.europesays.com\/se\/wp-json\/wp\/v2\/posts\/131440","targetHints":{"allow":["GET"]}}],"collection":[{"href":"https:\/\/www.europesays.com\/se\/wp-json\/wp\/v2\/posts"}],"about":[{"href":"https:\/\/www.europesays.com\/se\/wp-json\/wp\/v2\/types\/post"}],"author":[{"embeddable":true,"href":"https:\/\/www.europesays.com\/se\/wp-json\/wp\/v2\/users\/2"}],"replies":[{"embeddable":true,"href":"https:\/\/www.europesays.com\/se\/wp-json\/wp\/v2\/comments?post=131440"}],"version-history":[{"count":0,"href":"https:\/\/www.europesays.com\/se\/wp-json\/wp\/v2\/posts\/131440\/revisions"}],"wp:featuredmedia":[{"embeddable":true,"href":"https:\/\/www.europesays.com\/se\/wp-json\/wp\/v2\/media\/131441"}],"wp:attachment":[{"href":"https:\/\/www.europesays.com\/se\/wp-json\/wp\/v2\/media?parent=131440"}],"wp:term":[{"taxonomy":"category","embeddable":true,"href":"https:\/\/www.europesays.com\/se\/wp-json\/wp\/v2\/categories?post=131440"},{"taxonomy":"post_tag","embeddable":true,"href":"https:\/\/www.europesays.com\/se\/wp-json\/wp\/v2\/tags?post=131440"}],"curies":[{"name":"wp","href":"https:\/\/api.w.org\/{rel}","templated":true}]}}