{"id":131442,"date":"2026-01-10T11:39:09","date_gmt":"2026-01-10T11:39:09","guid":{"rendered":"https:\/\/www.europesays.com\/se\/131442\/"},"modified":"2026-01-10T11:39:09","modified_gmt":"2026-01-10T11:39:09","slug":"dn-direkt-person-anhallen-for-valdtakt-pa-restaurang","status":"publish","type":"post","link":"https:\/\/www.europesays.com\/se\/131442\/","title":{"rendered":"DN Direkt \u2013 Person anh\u00e5llen f\u00f6r v\u00e5ldt\u00e4kt p\u00e5 restaurang"},"content":{"rendered":"<p><img decoding=\"async\" class=\"picture__img\" src=\"https:\/\/www.europesays.com\/se\/wp-content\/uploads\/2026\/01\/1768045149_980_b72c4546-1cf2-4b6f-b8a5-ea1d5fad042f.jpeg\" loading=\"lazy\"   alt=\"Viktor Rhodin i S\u00e4vehof, 2017.\"\/>Viktor Rhodin i S\u00e4vehof, 2017. Foto: Tommy Holl\/TT<\/p>\n<p>Viktor Rhodin, den tidigare S\u00e4vehof-, \u00d6nnered- och Aran\u00e4sspelaren, har avlidit efter en tids sjukdom i cancer, 31 \u00e5r gamma.<\/p>\n<p>Det var f\u00f6r snart sex \u00e5r sedan som Viktor Rhodin, d\u00e5 som elitseriespelare i \u00d6nnered, pl\u00f6tsligt f\u00f6ll ihop i sin l\u00e4genhet efter ett epileptiskt anfall.<\/p>\n<p>Rhodin hade drabbats av en aggressiv hj\u00e4rntum\u00f6r, 26 \u00e5r gammal.<\/p>\n<p>Han opererades och gjorde en uppm\u00e4rksammad comeback. Under tr\u00e4ning bar han hj\u00e4lm \u2013 i match fick han dispens nekad och spelade utan.<\/p>\n<p>Inf\u00f6r s\u00e4songen 2022\/23 tog Rhodin n\u00e4sta steg i karri\u00e4ren och skrev p\u00e5 f\u00f6r Aran\u00e4s, som kom att bli hans sista klubbadress.<\/p>\n<p>V\u00e5ren 2024 kom det tunga beskedet: cancern hade \u00e5terv\u00e4nt och var inte l\u00e4ngre m\u00f6jlig att operera. I somras f\u00f6rs\u00e4mrades hans tillst\u00e5nd snabbt.<\/p>\n<p>Den 6 januari somnade Viktor Rhodin in.<\/p>\n<p>\u2013 Han \u00e4r den sn\u00e4llaste m\u00e4nniskan som g\u00e5tt i ett par skor. Jag kan inte ens f\u00f6rest\u00e4lla mig hur det \u00e4r f\u00f6r hans familj att g\u00e5 igenom det h\u00e4r, s\u00e4ger landslagsspelaren och tidigare lagkamraten Sebastian Karlsson till GP.<\/p>\n","protected":false},"excerpt":{"rendered":"Viktor Rhodin i S\u00e4vehof, 2017. Foto: Tommy Holl\/TT Viktor Rhodin, den tidigare S\u00e4vehof-, \u00d6nnered- och Aran\u00e4sspelaren, har avlidit&hellip;\n","protected":false},"author":2,"featured_media":14013,"comment_status":"","ping_status":"","sticky":false,"template":"","format":"standard","meta":{"footnotes":""},"categories":[12],"tags":[22,23,26,27,17,21,24,25,28,29,15,16,18,34,31,33,32,30,19,20],"class_list":{"0":"post-131442","1":"post","2":"type-post","3":"status-publish","4":"format-standard","5":"has-post-thumbnail","7":"category-sverige","8":"tag-breaking-news","9":"tag-breakingnews","10":"tag-featured-news","11":"tag-featurednews","12":"tag-headlines","13":"tag-huvudnyheter","14":"tag-latest-news","15":"tag-latestnews","16":"tag-main-news","17":"tag-mainnews","18":"tag-news","19":"tag-nyheter","20":"tag-rubriker","21":"tag-se","22":"tag-svenska","23":"tag-sverige","24":"tag-sweden","25":"tag-swedish","26":"tag-top-stories","27":"tag-topstories"},"share_on_mastodon":{"url":"https:\/\/pubeurope.com\/@se\/115870614500191164","error":""},"_links":{"self":[{"href":"https:\/\/www.europesays.com\/se\/wp-json\/wp\/v2\/posts\/131442","targetHints":{"allow":["GET"]}}],"collection":[{"href":"https:\/\/www.europesays.com\/se\/wp-json\/wp\/v2\/posts"}],"about":[{"href":"https:\/\/www.europesays.com\/se\/wp-json\/wp\/v2\/types\/post"}],"author":[{"embeddable":true,"href":"https:\/\/www.europesays.com\/se\/wp-json\/wp\/v2\/users\/2"}],"replies":[{"embeddable":true,"href":"https:\/\/www.europesays.com\/se\/wp-json\/wp\/v2\/comments?post=131442"}],"version-history":[{"count":0,"href":"https:\/\/www.europesays.com\/se\/wp-json\/wp\/v2\/posts\/131442\/revisions"}],"wp:featuredmedia":[{"embeddable":true,"href":"https:\/\/www.europesays.com\/se\/wp-json\/wp\/v2\/media\/14013"}],"wp:attachment":[{"href":"https:\/\/www.europesays.com\/se\/wp-json\/wp\/v2\/media?parent=131442"}],"wp:term":[{"taxonomy":"category","embeddable":true,"href":"https:\/\/www.europesays.com\/se\/wp-json\/wp\/v2\/categories?post=131442"},{"taxonomy":"post_tag","embeddable":true,"href":"https:\/\/www.europesays.com\/se\/wp-json\/wp\/v2\/tags?post=131442"}],"curies":[{"name":"wp","href":"https:\/\/api.w.org\/{rel}","templated":true}]}}