{"id":131445,"date":"2026-01-10T11:42:21","date_gmt":"2026-01-10T11:42:21","guid":{"rendered":"https:\/\/www.europesays.com\/se\/131445\/"},"modified":"2026-01-10T11:42:21","modified_gmt":"2026-01-10T11:42:21","slug":"ojala-gud-vilkenrubrik-du-fick-dar-langdskidor","status":"publish","type":"post","link":"https:\/\/www.europesays.com\/se\/131445\/","title":{"rendered":"Ojala: \u201dGud, vilken\nrubrik du fick d\u00e4r\u201d | L\u00e4ngdskidor"},"content":{"rendered":"<p>Publicerad 9 jan 2026 kl 08.22Uppdaterad kl 09.50<\/p>\n<p>Johanna Ojala inser precis vad hon sagt.<\/p>\n<p>\u2013 Gud, vilken rubrik du fick d\u00e4r, s\u00e4ger Viaplay-programledaren.<\/p>\n<p>Vad det handlar om? En ny forskningsrapport fr\u00e5n Norge \u2013 och sk\u00f6na snubbar i skidv\u00e4rlden.<\/p>\n<p><img   alt=\"\"\/><\/p>\n<p>Johanna Ojala.<\/p>\n<p>Foto: MAXIM THORE \/ BILDBYR\u00c5N<\/p>\n<p>\u00d6ppna bild i helsk\u00e4rmArtikeln i korthet<\/p>\n<p> Endast sju procent av topptr\u00e4narna i l\u00e4ngdskidor \u00e4r kvinnor, enligt ny norsk forskning<\/p>\n<p> Kanadas f\u00f6rbundskapten Julia Mehre Ystgaard \u00e4r ett unikt exempel<\/p>\n<p> Viaplay-profilen Johanna Ojala vittnar om en kultur d\u00e4r kvinnor m\u00e5ste \u00f6verprestera f\u00f6r att bli accepterade.\u00a0<\/p>\n<p>Visa mer<\/p>\n<p>Julia Mehre Ystgaard kisar i solen och pekar mot lastbilen bakom henne.<\/p>\n<p>\u2013 Ser du d\u00e4r? Det bl\u00e5a bakom l\u00f6nnl\u00f6vet?<\/p>\n<p>Jo, det g\u00e5r att sk\u00f6nja resterna av den bl\u00e5gula f\u00e4rgen p\u00e5 Sveriges gamla vallatrailer som nu tillh\u00f6r Kanada. Den sjunger egentligen p\u00e5 sista versen, men efter lite service h\u00e5ller den f\u00f6r \u00e4nnu en v\u00e4rldscups\u00e4song.<\/p>\n<p>F\u00f6r Julia Mehre Ystgaard \u00e4r det hennes fj\u00e4rde vinter i det kanadensiska laget. Den norska 27-\u00e5ringen \u00e4r en unik f\u00f6rbundskapten i skidv\u00e4rlden.<\/p>\n<p>\u2013 Det \u00e4r ett kul jobb med m\u00e5nga bra m\u00e4nniskor. Men man m\u00e4rker ju att det inte \u00e4r s\u00e5 m\u00e5nga av oss h\u00e4r, s\u00e4ger Mehre Ystgaard.<\/p>\n<p>Det som g\u00f6r henne unik \u00e4r hennes k\u00f6n. Enligt ny forskning fr\u00e5n Norges idrottsh\u00f6gskola \u00e4r endast sju procent av topptr\u00e4narna i l\u00e4ngdsporten kvinnor.<\/p>\n<p>\u2013 Jag har ofta h\u00f6rt: \u201dOj, men du \u00e4r ju bara en tjej?\u201d eller \u201dOj, du \u00e4r ju bara s\u00e5 och s\u00e5 gammal?\u201d. D\u00e5 k\u00e4nner man liksom&#8230; jo, men jag har ju jobbat h\u00e4cken av mig.<\/p>\n<p>\u201dDet finns inte riktigt den kulturen\u201d<\/p>\n<p>Hon \u00e4r s\u00e4ker p\u00e5 att den l\u00e5ga andelen kvinnor g\u00e5r att \u00f6ka, men v\u00e4gen dit \u00e4r inte att fokusera p\u00e5 att f\u00e5 in kvinnliga tr\u00e4nare \u2013 utan att g\u00f6ra hela tr\u00e4naryrket mer attraktivt.\u00a0<\/p>\n<p>\u2013 Man m\u00e5ste g\u00f6ra det mer h\u00e5llbart f\u00f6r alla. Kan vi beh\u00e5lla de manliga tr\u00e4narna l\u00e4ngre s\u00e5 tror jag att fler kvinnor ser att det \u00e4r ett yrke man kan ha livet ut, s\u00e4ger Julia Mehre Ystgaard.<\/p>\n<p><strong>Vad kan man g\u00f6ra \u00e5t det?<\/strong><\/p>\n<p>\u2013 Vi beh\u00f6ver f\u00e5 en balans s\u00e5 det blir harmoni mellan privatlivet och arbetslivet. Jag vill inte s\u00e4ga att man offra mycket f\u00f6r det h\u00e4r jobbet, men man \u00e4r borta mycket. Det finns inte riktigt den kulturen, att man som tr\u00e4nare ska f\u00e5 s\u00e4tta tid till sig sj\u00e4lv ocks\u00e5.<\/p>\n<p>Julia Mehre Ystgaard lyfter fram USA som ett gott exempel. Det amerikanska laget har lanserat ett program som ger kvinnliga tr\u00e4nare m\u00f6jligheten att f\u00f6lja med tv\u00e5 veckor p\u00e5 v\u00e4rldscupen.\u00a0<\/p>\n<p><strong>Hur viktigt \u00e4r det att Sverige och Norge f\u00f6reg\u00e5r med gott exempel i den h\u00e4r fr\u00e5gan?<\/strong><\/p>\n<p>\u2013 Det tror jag \u00e4r j\u00e4tteviktigt, f\u00f6r det \u00e4r d\u00e4r media \u00e4r har sitt fokus. De syns och \u00e4r ansiktet ut\u00e5t f\u00f6r sporten.<\/p>\n<p>Bj\u00f6rgen och Ingemarsdotter ensamma<\/p>\n<p>Norge har en kvinnlig landslagstr\u00e4nare: legendaren Marit Bj\u00f6rgen. I Sverige \u00e4r den tidigare v\u00e4rldsm\u00e4staren Ida Ingemarsdotter ensam kvinna i tr\u00e4narteamet. Hon blir inte speciellt chockad n\u00e4r hon h\u00f6r om den nya norska forskningen.<\/p>\n<p>Annons<\/p>\n<p>\u2013 Nej, det \u00e4r inte f\u00f6rv\u00e5nande. Det \u00e4r ju s\u00e5 det har sett ut. Jag hade alltid manliga tr\u00e4nare under min karri\u00e4r, s\u00e4ger Ingemarsdotter.<\/p>\n<p><strong>Vad kan man g\u00f6ra \u00e5t detta?<\/strong><\/p>\n<p>\u2013 Hur l\u00e5ng tid har vi? Jag tror inte att det finns n\u00e5gra enkla f\u00f6rklaringar. Det ser ju ut s\u00e5 h\u00e4r i m\u00e5nga delar av samh\u00e4llet. Sverige har ju fortfarande inte haft en vald kvinnlig statsminister, till exempel.\u00a0<\/p>\n<p><img loading=\"lazy\"   alt=\"\"\/><\/p>\n<p>Ida Ingemarsdotter.<\/p>\n<p>Foto: JOHANNA S\u00c4LL \/ BILDBYR\u00c5N<\/p>\n<p>\u00d6ppna bild i helsk\u00e4rm<\/p>\n<p>Viaplays programledare <a href=\"https:\/\/www.expressen.se\/tagg\/person\/johanna-ojala\/\" class=\"\" rel=\"nofollow noopener\" target=\"_blank\">Johanna Ojala<\/a> har tidigare varit tr\u00e4nare s\u00e5v\u00e4l p\u00e5 skidgymnasium som i privata team i Norge.<\/p>\n<p>\u2013 Jag kunde k\u00e4nna att jag var tvungen att \u00f6verprestera b\u00e5de tv\u00e5 och tre g\u00e5nger f\u00f6r att tas p\u00e5 allvar eller f\u00f6r att min kunskap skulle r\u00e4knas, s\u00e4ger Ojala.<\/p>\n<p>\u2013 Per automatik s\u00e5gs jag inte som tr\u00e4nare utan fysio eller n\u00e5gon fr\u00e5n det medicinska teamet. Att jag skulle kunna vara tr\u00e4nare, det var ot\u00e4nkbart.<\/p>\n<p>Enligt henne st\u00e4lls det olika f\u00f6rv\u00e4ntningar p\u00e5 m\u00e4n och kvinnor i skidmilj\u00f6n.\u00a0<\/p>\n<p>\u2013 Jag kan f\u00f6rest\u00e4lla mig att det ocks\u00e5 \u00e4r s\u00e5 inne i ett landslag. Att folk utifr\u00e5n ser p\u00e5 kvinnor i skidlandslaget som att de ska vara mer korrekta och leva enligt idrottens regler, medan m\u00e4nnen bara kan f\u00e5 vara en sk\u00f6n snubbe.<\/p>\n<p>Johanna Ojala kommer p\u00e5 sig sj\u00e4lv.<\/p>\n<p>\u2013 Gud, vilken rubrik du fick d\u00e4r.<\/p>\n<p><img loading=\"lazy\"   alt=\"\"\/><\/p>\n<p>Johanna Ojala leder Viaplays skids\u00e4ndningar<\/p>\n<p>Foto: MAXIM THORE \/ BILDBYR\u00c5N<\/p>\n<p>\u00d6ppna bild i helsk\u00e4rm<\/p>\n","protected":false},"excerpt":{"rendered":"Publicerad 9 jan 2026 kl 08.22Uppdaterad kl 09.50 Johanna Ojala inser precis vad hon sagt. \u2013 Gud, vilken&hellip;\n","protected":false},"author":2,"featured_media":131446,"comment_status":"","ping_status":"","sticky":false,"template":"","format":"standard","meta":{"footnotes":""},"categories":[68],"tags":[2255,13450,34,857,111,110,31,33,32,30],"class_list":{"0":"post-131445","1":"post","2":"type-post","3":"status-publish","4":"format-standard","5":"has-post-thumbnail","7":"category-sport","8":"tag-organization-viaplay","9":"tag-person-johanna-ojala","10":"tag-se","11":"tag-sections-langdskidor","12":"tag-sport","13":"tag-sports","14":"tag-svenska","15":"tag-sverige","16":"tag-sweden","17":"tag-swedish"},"share_on_mastodon":{"url":"https:\/\/pubeurope.com\/@se\/115870626199973457","error":""},"_links":{"self":[{"href":"https:\/\/www.europesays.com\/se\/wp-json\/wp\/v2\/posts\/131445","targetHints":{"allow":["GET"]}}],"collection":[{"href":"https:\/\/www.europesays.com\/se\/wp-json\/wp\/v2\/posts"}],"about":[{"href":"https:\/\/www.europesays.com\/se\/wp-json\/wp\/v2\/types\/post"}],"author":[{"embeddable":true,"href":"https:\/\/www.europesays.com\/se\/wp-json\/wp\/v2\/users\/2"}],"replies":[{"embeddable":true,"href":"https:\/\/www.europesays.com\/se\/wp-json\/wp\/v2\/comments?post=131445"}],"version-history":[{"count":0,"href":"https:\/\/www.europesays.com\/se\/wp-json\/wp\/v2\/posts\/131445\/revisions"}],"wp:featuredmedia":[{"embeddable":true,"href":"https:\/\/www.europesays.com\/se\/wp-json\/wp\/v2\/media\/131446"}],"wp:attachment":[{"href":"https:\/\/www.europesays.com\/se\/wp-json\/wp\/v2\/media?parent=131445"}],"wp:term":[{"taxonomy":"category","embeddable":true,"href":"https:\/\/www.europesays.com\/se\/wp-json\/wp\/v2\/categories?post=131445"},{"taxonomy":"post_tag","embeddable":true,"href":"https:\/\/www.europesays.com\/se\/wp-json\/wp\/v2\/tags?post=131445"}],"curies":[{"name":"wp","href":"https:\/\/api.w.org\/{rel}","templated":true}]}}