{"id":131447,"date":"2026-01-10T11:47:19","date_gmt":"2026-01-10T11:47:19","guid":{"rendered":"https:\/\/www.europesays.com\/se\/131447\/"},"modified":"2026-01-10T11:47:19","modified_gmt":"2026-01-10T11:47:19","slug":"erbjod-morduppdrag-i-chattar-trio-doms","status":"publish","type":"post","link":"https:\/\/www.europesays.com\/se\/131447\/","title":{"rendered":"Erbj\u00f6d morduppdrag i chattar \u2013 trio d\u00f6ms"},"content":{"rendered":"<p class=\"boxtextgrotesk-root_baa6 hyperion-css-7pajle\">Publicerad 2026-01-09 11.59<\/p>\n<p>share-arrowDela<\/p>\n<p>unsaveSpara<\/p>\n<p>expand-left<\/p>\n<p>helsk\u00e4rm<img decoding=\"async\" class=\"image-asset hyperion-css-u06ts1\" data-test-tag=\"image-asset\" src=\"https:\/\/www.europesays.com\/se\/wp-content\/uploads\/2026\/01\/2b353dd9-4356-4809-b2a9-fd37e3549596.jpeg\"  alt=\"Tre m\u00e4n d\u00f6ms till f\u00e4ngelsestraff f\u00f6r att ha f\u00f6rs\u00f6kt locka andra personer att beg\u00e5 grova brott. Arkivbild.\"  loading=\"eager\" fetchpriority=\"high\" style=\"aspect-ratio:1900 \/ 1328\"\/>Tre m\u00e4n d\u00f6ms till f\u00e4ngelsestraff f\u00f6r att ha f\u00f6rs\u00f6kt locka andra personer att beg\u00e5 grova brott. Arkivbild. Foto: Johan Nilsson\/TT<\/p>\n<p class=\"hyperion-css-1shl3oz\" data-test-tag=\"lead-text\">M\u00e4nnen lade ut bland annat morduppdrag och erbj\u00f6d upp till 300\u00a0000 kronor i betalning. Nu d\u00f6ms tre unga m\u00e4n till fler\u00e5riga f\u00e4ngelsestraff.<\/p>\n<p class=\"hyperion-css-1v9qo5x\">Halmstads tingsr\u00e4tt d\u00f6mer trion f\u00f6r flera fall av st\u00e4mpling till mord och st\u00e4mpling till allm\u00e4nfarlig \u00f6del\u00e4ggelse, rapporterar lokala medier.<\/p>\n<p class=\"hyperion-css-1v9qo5x\">Enligt domen skrev m\u00e4nnen olika inl\u00e4gg i krypterade chattar, d\u00e4r de f\u00f6rs\u00f6kte f\u00e5 andra att beg\u00e5 mord och spr\u00e4ngningar.<\/p>\n<p class=\"hyperion-css-1v9qo5x\">Tv\u00e5 m\u00e4n i 20-\u00e5rs\u00e5ldern d\u00f6ms till sex och ett halvt \u00e5rs respektive fem \u00e5rs f\u00e4ngelse, medan en 18-\u00e5ring d\u00f6ms till fyra \u00e5r och tv\u00e5 m\u00e5naders f\u00e4ngelse.<\/p>\n","protected":false},"excerpt":{"rendered":"Publicerad 2026-01-09 11.59 share-arrowDela unsaveSpara expand-left helsk\u00e4rmTre m\u00e4n d\u00f6ms till f\u00e4ngelsestraff f\u00f6r att ha f\u00f6rs\u00f6kt locka andra personer&hellip;\n","protected":false},"author":2,"featured_media":131448,"comment_status":"","ping_status":"","sticky":false,"template":"","format":"standard","meta":{"footnotes":""},"categories":[12],"tags":[22,23,26,27,17,21,24,25,28,29,15,16,18,34,31,33,32,30,19,20],"class_list":{"0":"post-131447","1":"post","2":"type-post","3":"status-publish","4":"format-standard","5":"has-post-thumbnail","7":"category-sverige","8":"tag-breaking-news","9":"tag-breakingnews","10":"tag-featured-news","11":"tag-featurednews","12":"tag-headlines","13":"tag-huvudnyheter","14":"tag-latest-news","15":"tag-latestnews","16":"tag-main-news","17":"tag-mainnews","18":"tag-news","19":"tag-nyheter","20":"tag-rubriker","21":"tag-se","22":"tag-svenska","23":"tag-sverige","24":"tag-sweden","25":"tag-swedish","26":"tag-top-stories","27":"tag-topstories"},"share_on_mastodon":{"url":"https:\/\/pubeurope.com\/@se\/115870645985505343","error":""},"_links":{"self":[{"href":"https:\/\/www.europesays.com\/se\/wp-json\/wp\/v2\/posts\/131447","targetHints":{"allow":["GET"]}}],"collection":[{"href":"https:\/\/www.europesays.com\/se\/wp-json\/wp\/v2\/posts"}],"about":[{"href":"https:\/\/www.europesays.com\/se\/wp-json\/wp\/v2\/types\/post"}],"author":[{"embeddable":true,"href":"https:\/\/www.europesays.com\/se\/wp-json\/wp\/v2\/users\/2"}],"replies":[{"embeddable":true,"href":"https:\/\/www.europesays.com\/se\/wp-json\/wp\/v2\/comments?post=131447"}],"version-history":[{"count":0,"href":"https:\/\/www.europesays.com\/se\/wp-json\/wp\/v2\/posts\/131447\/revisions"}],"wp:featuredmedia":[{"embeddable":true,"href":"https:\/\/www.europesays.com\/se\/wp-json\/wp\/v2\/media\/131448"}],"wp:attachment":[{"href":"https:\/\/www.europesays.com\/se\/wp-json\/wp\/v2\/media?parent=131447"}],"wp:term":[{"taxonomy":"category","embeddable":true,"href":"https:\/\/www.europesays.com\/se\/wp-json\/wp\/v2\/categories?post=131447"},{"taxonomy":"post_tag","embeddable":true,"href":"https:\/\/www.europesays.com\/se\/wp-json\/wp\/v2\/tags?post=131447"}],"curies":[{"name":"wp","href":"https:\/\/api.w.org\/{rel}","templated":true}]}}