{"id":131449,"date":"2026-01-10T11:48:15","date_gmt":"2026-01-10T11:48:15","guid":{"rendered":"https:\/\/www.europesays.com\/se\/131449\/"},"modified":"2026-01-10T11:48:15","modified_gmt":"2026-01-10T11:48:15","slug":"superstjarnornas-vad-om-jvm-finalen-fick-betala-notan","status":"publish","type":"post","link":"https:\/\/www.europesays.com\/se\/131449\/","title":{"rendered":"Superstj\u00e4rnornas vad om JVM-finalen: &#8221;Fick betala notan&#8221;"},"content":{"rendered":"<p><strong>Boston Bruins stj\u00e4rnduo Elias Lindholm och David Pastrnak f\u00f6ljde JVM-finalen tillsammans.<br \/>Juniorkronornas seger gav en trevlig bel\u00f6ning f\u00f6r den svenske OS-forwarden.<br \/>\u2013\u00a0Det \u00e4r grymt kul att se. Vi fick ihop det grymt bra d\u00e4r med m\u00e5nga bra spelare, s\u00e4ger han om succ\u00e9n.<\/strong><\/p>\n<p><img loading=\"lazy\" decoding=\"async\" width=\"1024\" height=\"658\" src=\"https:\/\/www.europesays.com\/se\/wp-content\/uploads\/2026\/01\/Split-Screen-3.2-1-1024x658.webp.webp\" alt=\"\" class=\"wp-image-343634\"  \/>Jack Berglund fick lyfta pokalen. D\u00e5 vann Elias Lindholm en middag av David Pastrnak.<br \/>Foto: Montage av bilder fr\u00e5n Bildbyr\u00e5n.<\/p>\n<p><a href=\"https:\/\/hockeysverige.se\/spelare\/elias-lindholm\" rel=\"nofollow noopener\" target=\"_blank\">Elias Lindholm,<\/a> 31, har varit med om det v\u00e4rsta man kanske kan g\u00f6ra i ett <a href=\"https:\/\/hockeysverige.se\/junior-vm\" rel=\"nofollow noopener\" target=\"_blank\">JVM<\/a> \u2013 n\u00e4mligen f\u00f6rlora en final. Fast tv\u00e5 g\u00e5nger om. F\u00f6rst 2013 i Ryssland, d\u00e5 man f\u00f6rlorade finalen mot USA med 1\u20133. 2014 f\u00f6rlorade Lindholm och hans <a href=\"https:\/\/hockeysverige.se\/klubb\/juniorkronorna\" rel=\"nofollow noopener\" target=\"_blank\">Juniorkronorna<\/a> mot Finland i Malm\u00f6 \u2013 och d\u00e4rmed klev Finland f\u00f6rbi Sverige i antal JVM-titlar (d\u00e5 3).<\/p>\n<p>Spola fram tolv \u00e5r och Juniorkronorna har nu vunnit guld igen. Denna g\u00e5ng i Minnesota i USA, efter seger mot Tjeckien med 4\u20132 i finalen.<\/p>\n<p>Den OS-uttagne forwardsstj\u00e4rnan hyllar nu lagets prestation.<\/p>\n<p>\u2013\u00a0Nej, det var grymt. Vi f\u00f6ljde n\u00e5gon match d\u00e4r i gruppspel och sedan s\u00e5g vi lite av semifinalen och vi s\u00e5g faktiskt hela finalen, s\u00e4ger han och forts\u00e4tter.<\/p>\n<p>\u2013\u00a0Det \u00e4r grymt kul att se. Vi fick ihop det grymt bra d\u00e4r med m\u00e5nga bra spelare. Det var grymt kul att se de lyckas ta det hela v\u00e4gen.<\/p>\n<p><img loading=\"lazy\" decoding=\"async\" width=\"1024\" height=\"707\" src=\"https:\/\/www.europesays.com\/se\/wp-content\/uploads\/2026\/01\/BB140105JM031-1024x707.webp.webp\" alt=\"\" class=\"wp-image-343635\"  \/>Elias Lindholm i spel f\u00f6r Juniorkronorna i JVM-finalen i Malm\u00f6 Arena 2014.<br \/>Foto: Joel Marklund \/ BILDBYR\u00c5N \/ kod JM \/ 86682<\/p>\n<p>Spelade om notan: \u201dDet var fint\u201d<\/p>\n<p>Det \u00e4r v\u00e4lbekant att han \u00e4r n\u00e4ra v\u00e4n med sin stj\u00e4rnkollega <a href=\"https:\/\/hockeysverige.se\/spelare\/david-pastrnak\" rel=\"nofollow noopener\" target=\"_blank\">David Pastrnak<\/a>. N\u00e4r de b\u00e5da spelade VM i Stockholm\/Herning i v\u00e5ras, fast f\u00f6r varsitt land, var David Pastrnak b\u00e4ste po\u00e4ngplockare i <a href=\"https:\/\/hockeysverige.se\/klubb\/tjeckien\" rel=\"nofollow noopener\" target=\"_blank\">Tjeckien<\/a> och Elias Lindholm i <a href=\"https:\/\/hockeysverige.se\/klubb\/sverige\" rel=\"nofollow noopener\" target=\"_blank\">Tre Kronor<\/a>.<\/p>\n<p>N\u00e4r det v\u00e4l var dags f\u00f6r nationerna att m\u00f6tas i JVM-finalen i St Paul, satt de b\u00e5da Boston Bruins-stj\u00e4rnorna tillsammans och s\u00e5g matchen.<\/p>\n<p>D\u00e5 var middagen p\u00e5 spel, ber\u00e4ttar Elias Lindholm f\u00f6r Hockeysverige.se.<\/p>\n<p>\u2013\u00a0Vi satt faktiskt mitt i middagen och kikade. Eftersom vi vann fick han betala notan, s\u00e5 det var bara det, s\u00e4ger han och ler.<\/p>\n<p>F\u00e4rjestadsl\u00f6ftet Jack Berglund fick lyfta Sveriges f\u00f6rsta JVM-pokal sedan 2012. <\/p>\n","protected":false},"excerpt":{"rendered":"Boston Bruins stj\u00e4rnduo Elias Lindholm och David Pastrnak f\u00f6ljde JVM-finalen tillsammans.Juniorkronornas seger gav en trevlig bel\u00f6ning f\u00f6r den&hellip;\n","protected":false},"author":2,"featured_media":131450,"comment_status":"","ping_status":"","sticky":false,"template":"","format":"standard","meta":{"footnotes":""},"categories":[5],"tags":[22,23,26,27,17,21,6611,24,25,28,29,15,247,16,18,34,133,31,33,32,30,19,20],"class_list":{"0":"post-131449","1":"post","2":"type-post","3":"status-publish","4":"format-standard","5":"has-post-thumbnail","7":"category-rubriker","8":"tag-breaking-news","9":"tag-breakingnews","10":"tag-featured-news","11":"tag-featurednews","12":"tag-headlines","13":"tag-huvudnyheter","14":"tag-junior-vm","15":"tag-latest-news","16":"tag-latestnews","17":"tag-main-news","18":"tag-mainnews","19":"tag-news","20":"tag-nhl","21":"tag-nyheter","22":"tag-rubriker","23":"tag-se","24":"tag-second-news","25":"tag-svenska","26":"tag-sverige","27":"tag-sweden","28":"tag-swedish","29":"tag-top-stories","30":"tag-topstories"},"share_on_mastodon":{"url":"https:\/\/pubeurope.com\/@se\/115870649760314702","error":""},"_links":{"self":[{"href":"https:\/\/www.europesays.com\/se\/wp-json\/wp\/v2\/posts\/131449","targetHints":{"allow":["GET"]}}],"collection":[{"href":"https:\/\/www.europesays.com\/se\/wp-json\/wp\/v2\/posts"}],"about":[{"href":"https:\/\/www.europesays.com\/se\/wp-json\/wp\/v2\/types\/post"}],"author":[{"embeddable":true,"href":"https:\/\/www.europesays.com\/se\/wp-json\/wp\/v2\/users\/2"}],"replies":[{"embeddable":true,"href":"https:\/\/www.europesays.com\/se\/wp-json\/wp\/v2\/comments?post=131449"}],"version-history":[{"count":0,"href":"https:\/\/www.europesays.com\/se\/wp-json\/wp\/v2\/posts\/131449\/revisions"}],"wp:featuredmedia":[{"embeddable":true,"href":"https:\/\/www.europesays.com\/se\/wp-json\/wp\/v2\/media\/131450"}],"wp:attachment":[{"href":"https:\/\/www.europesays.com\/se\/wp-json\/wp\/v2\/media?parent=131449"}],"wp:term":[{"taxonomy":"category","embeddable":true,"href":"https:\/\/www.europesays.com\/se\/wp-json\/wp\/v2\/categories?post=131449"},{"taxonomy":"post_tag","embeddable":true,"href":"https:\/\/www.europesays.com\/se\/wp-json\/wp\/v2\/tags?post=131449"}],"curies":[{"name":"wp","href":"https:\/\/api.w.org\/{rel}","templated":true}]}}