{"id":131454,"date":"2026-01-10T11:56:19","date_gmt":"2026-01-10T11:56:19","guid":{"rendered":"https:\/\/www.europesays.com\/se\/131454\/"},"modified":"2026-01-10T11:56:19","modified_gmt":"2026-01-10T11:56:19","slug":"renee-good-skots-till-dods-av-ice-nagon-kilometer-fran-platsen-dar-george-floyd-dodades-2020","status":"publish","type":"post","link":"https:\/\/www.europesays.com\/se\/131454\/","title":{"rendered":"Renee Good sk\u00f6ts till d\u00f6ds av ICE \u2013 n\u00e5gon kilometer fr\u00e5n platsen d\u00e4r George Floyd d\u00f6dades 2020"},"content":{"rendered":"<p><strong> WASHINGTON. <\/strong>Jag bes\u00f6kte Chicago i september n\u00e4r 38-\u00e5rige Silverio Villegas-Gonzalez hade skjutits till d\u00f6ds i samband med ett ingripande av migrationsmyndigheten ICE. Han hade just l\u00e4mnat sina tv\u00e5 s\u00f6ner p\u00e5 skolan, och f\u00f6rs\u00f6kte k\u00f6ra iv\u00e4g fr\u00e5n platsen. Villegas-Gonzalez var mexikan och saknade tillst\u00e5nd att vara i USA, men hade bott i Chicago i 20 \u00e5r och arbetade som kock.<\/p>\n<p>\u201dICE har ingen r\u00e4tt att skjuta m\u00e4nniskor. Om de inte kunde gripa honom kunde de bara ha sl\u00e4ppt honom och tagit honom en annan dag\u201d, sa Chicagobon Firmen Cortez som jag pratade med i Chicagos mexikanska kvarter dagen efter.<\/p>\n","protected":false},"excerpt":{"rendered":"WASHINGTON. Jag bes\u00f6kte Chicago i september n\u00e4r 38-\u00e5rige Silverio Villegas-Gonzalez hade skjutits till d\u00f6ds i samband med ett&hellip;\n","protected":false},"author":2,"featured_media":131455,"comment_status":"","ping_status":"","sticky":false,"template":"","format":"standard","meta":{"footnotes":""},"categories":[5],"tags":[22,23,26,27,17,21,24,25,28,29,15,16,18,34,31,33,32,30,19,20],"class_list":{"0":"post-131454","1":"post","2":"type-post","3":"status-publish","4":"format-standard","5":"has-post-thumbnail","7":"category-rubriker","8":"tag-breaking-news","9":"tag-breakingnews","10":"tag-featured-news","11":"tag-featurednews","12":"tag-headlines","13":"tag-huvudnyheter","14":"tag-latest-news","15":"tag-latestnews","16":"tag-main-news","17":"tag-mainnews","18":"tag-news","19":"tag-nyheter","20":"tag-rubriker","21":"tag-se","22":"tag-svenska","23":"tag-sverige","24":"tag-sweden","25":"tag-swedish","26":"tag-top-stories","27":"tag-topstories"},"share_on_mastodon":{"url":"https:\/\/pubeurope.com\/@se\/115870681189920104","error":""},"_links":{"self":[{"href":"https:\/\/www.europesays.com\/se\/wp-json\/wp\/v2\/posts\/131454","targetHints":{"allow":["GET"]}}],"collection":[{"href":"https:\/\/www.europesays.com\/se\/wp-json\/wp\/v2\/posts"}],"about":[{"href":"https:\/\/www.europesays.com\/se\/wp-json\/wp\/v2\/types\/post"}],"author":[{"embeddable":true,"href":"https:\/\/www.europesays.com\/se\/wp-json\/wp\/v2\/users\/2"}],"replies":[{"embeddable":true,"href":"https:\/\/www.europesays.com\/se\/wp-json\/wp\/v2\/comments?post=131454"}],"version-history":[{"count":0,"href":"https:\/\/www.europesays.com\/se\/wp-json\/wp\/v2\/posts\/131454\/revisions"}],"wp:featuredmedia":[{"embeddable":true,"href":"https:\/\/www.europesays.com\/se\/wp-json\/wp\/v2\/media\/131455"}],"wp:attachment":[{"href":"https:\/\/www.europesays.com\/se\/wp-json\/wp\/v2\/media?parent=131454"}],"wp:term":[{"taxonomy":"category","embeddable":true,"href":"https:\/\/www.europesays.com\/se\/wp-json\/wp\/v2\/categories?post=131454"},{"taxonomy":"post_tag","embeddable":true,"href":"https:\/\/www.europesays.com\/se\/wp-json\/wp\/v2\/tags?post=131454"}],"curies":[{"name":"wp","href":"https:\/\/api.w.org\/{rel}","templated":true}]}}