{"id":131472,"date":"2026-01-10T12:30:25","date_gmt":"2026-01-10T12:30:25","guid":{"rendered":"https:\/\/www.europesays.com\/se\/131472\/"},"modified":"2026-01-10T12:30:25","modified_gmt":"2026-01-10T12:30:25","slug":"destination-gotland-staller-in-farjor-i-helgen","status":"publish","type":"post","link":"https:\/\/www.europesays.com\/se\/131472\/","title":{"rendered":"Destination Gotland st\u00e4ller in f\u00e4rjor i helgen"},"content":{"rendered":"<p>F\u00f6r andra g\u00e5ngen p\u00e5 kort tid st\u00e4ller Destination Gotland in f\u00e4rjor p\u00e5 grund av h\u00e5rt v\u00e4der. Det skriver DG p\u00e5 sin hemsida under fredagskv\u00e4llen.Det g\u00e4ller turen 20.10 fr\u00e5n Nyn\u00e4shamn p\u00e5 l\u00f6rdagen och turen 07.30 fr\u00e5n Visby p\u00e5 s\u00f6ndagen.\u2013 Det \u00e4r drygt 500 resen\u00e4rer p\u00e5 avg\u00e5ngen fr\u00e5n Nyn\u00e4shamn, och knappt 400 resen\u00e4rer fr\u00e5n Visby, s\u00e4ger Adam Jacobsson, s\u00e4lj- och marknadschef <\/p>\n","protected":false},"excerpt":{"rendered":"F\u00f6r andra g\u00e5ngen p\u00e5 kort tid st\u00e4ller Destination Gotland in f\u00e4rjor p\u00e5 grund av h\u00e5rt v\u00e4der. Det skriver&hellip;\n","protected":false},"author":2,"featured_media":131473,"comment_status":"","ping_status":"","sticky":false,"template":"","format":"standard","meta":{"footnotes":""},"categories":[12],"tags":[22,23,26,27,17,21,24,25,28,29,15,16,18,34,31,33,32,30,19,20],"class_list":{"0":"post-131472","1":"post","2":"type-post","3":"status-publish","4":"format-standard","5":"has-post-thumbnail","7":"category-sverige","8":"tag-breaking-news","9":"tag-breakingnews","10":"tag-featured-news","11":"tag-featurednews","12":"tag-headlines","13":"tag-huvudnyheter","14":"tag-latest-news","15":"tag-latestnews","16":"tag-main-news","17":"tag-mainnews","18":"tag-news","19":"tag-nyheter","20":"tag-rubriker","21":"tag-se","22":"tag-svenska","23":"tag-sverige","24":"tag-sweden","25":"tag-swedish","26":"tag-top-stories","27":"tag-topstories"},"share_on_mastodon":{"url":"https:\/\/pubeurope.com\/@se\/115870814856593216","error":""},"_links":{"self":[{"href":"https:\/\/www.europesays.com\/se\/wp-json\/wp\/v2\/posts\/131472","targetHints":{"allow":["GET"]}}],"collection":[{"href":"https:\/\/www.europesays.com\/se\/wp-json\/wp\/v2\/posts"}],"about":[{"href":"https:\/\/www.europesays.com\/se\/wp-json\/wp\/v2\/types\/post"}],"author":[{"embeddable":true,"href":"https:\/\/www.europesays.com\/se\/wp-json\/wp\/v2\/users\/2"}],"replies":[{"embeddable":true,"href":"https:\/\/www.europesays.com\/se\/wp-json\/wp\/v2\/comments?post=131472"}],"version-history":[{"count":0,"href":"https:\/\/www.europesays.com\/se\/wp-json\/wp\/v2\/posts\/131472\/revisions"}],"wp:featuredmedia":[{"embeddable":true,"href":"https:\/\/www.europesays.com\/se\/wp-json\/wp\/v2\/media\/131473"}],"wp:attachment":[{"href":"https:\/\/www.europesays.com\/se\/wp-json\/wp\/v2\/media?parent=131472"}],"wp:term":[{"taxonomy":"category","embeddable":true,"href":"https:\/\/www.europesays.com\/se\/wp-json\/wp\/v2\/categories?post=131472"},{"taxonomy":"post_tag","embeddable":true,"href":"https:\/\/www.europesays.com\/se\/wp-json\/wp\/v2\/tags?post=131472"}],"curies":[{"name":"wp","href":"https:\/\/api.w.org\/{rel}","templated":true}]}}