{"id":131476,"date":"2026-01-10T12:38:25","date_gmt":"2026-01-10T12:38:25","guid":{"rendered":"https:\/\/www.europesays.com\/se\/131476\/"},"modified":"2026-01-10T12:38:25","modified_gmt":"2026-01-10T12:38:25","slug":"oroande-trenden-symbolpolitik-for-skolan","status":"publish","type":"post","link":"https:\/\/www.europesays.com\/se\/131476\/","title":{"rendered":"\u201dOroande trenden: Symbolpolitik f\u00f6r skolan\u201d"},"content":{"rendered":"<p>                                    <img decoding=\"async\" src=\"https:\/\/www.europesays.com\/se\/wp-content\/uploads\/2026\/01\/debatt-sabina-strandfuss-klassrum.jpg\" alt=\"Ett portr\u00e4tt av Sabina Strandfuss och en genrebild av ett tomt klassrum\" loading=\"lazy\"\/><\/p>\n<p>                                    Foto: Privat\/AdobeStock<\/p>\n<p class=\"article-headerImageDescription\">Sabina Strandfuss efterlyser utbildningspolitik baserad p\u00e5 vetenskap.<\/p>\n<p class=\"article-preamble\">\n                        Debatt<br \/>\n                        Utbildningspolitiken baseras p\u00e5 symbolpolitik, snarare \u00e4n vetenskap och bepr\u00f6vad erfarenhet. <br \/>\u201dI vilka andra samh\u00e4llsb\u00e4rande yrken accepteras det att personer utan yrkeskunskap fattar beslut som s\u00e5 direkt p\u00e5verkar k\u00e4rnuppdraget?\u201d, undrar Sabina Standfuss.\n                    <\/p>\n<p>Detta \u00e4r en kommenterande text. Det \u00e4r skribenten som st\u00e5r f\u00f6r \u00e5sikterna som f\u00f6rs fram.<\/p>\n<p>Svensk skolpolitik r\u00f6r sig i en allt mer orov\u00e4ckande riktning. Regeringens reformer och f\u00f6rslag inom utbildningsomr\u00e5det pr\u00e4glas i \u00f6kande grad av en \u201djorden \u00e4r platt\u201d-logik: Forskning ignoreras, medan beslut fattas utifr\u00e5n politiska \u00f6vertygelser snarare \u00e4n vetenskaplig evidens.<\/p>\n<p>Inf\u00f6randet av betyg i tidigare \u00e5rskurser \u00e4r ett tydligt exempel. Reformen motiverades med att behov av st\u00f6d skulle uppt\u00e4ckas tidigare och att resurser d\u00e4rmed snabbare kunde s\u00e4ttas in. Trots att samlad forskning varnade f\u00f6r negativa konsekvenser valde politiken att bortse fr\u00e5n detta. Utfallet blev precis det forskningen f\u00f6ruts\u00e5g \u2013 \u00f6kad psykisk oh\u00e4lsa bland elever och en kraftigt v\u00e4xande hemk\u00e4mparproblematik.<\/p>\n<p>Nationellt test<\/p>\n<p>I st\u00e4llet f\u00f6r att dra l\u00e4rdom av dessa erfarenheter presenteras nu ytterligare en reform: Ett nationellt test i \u00e5rskurs 3 som i praktiken riskerar att avg\u00f6ra barns framtid. Resultatet kan bli att elever tidigt sorteras \u2013 antingen till ordinarie undervisning eller till s\u00e4rskilda undervisningsgrupper med s\u00e5 kallade extra st\u00f6dinsatser. Om politiken inte f\u00f6rm\u00e5dde h\u00e5lla sina l\u00f6ften kring betyg i \u00e5rskurs 4, varf\u00f6r ska vi d\u00e5 ha f\u00f6rtroende f\u00f6r att dessa nya l\u00f6ften infrias?<\/p>\n<p>Att skilja h\u00e4lsa fr\u00e5n skola \u00e4r djupt problematiskt. Skolan fungerar i dag allt oftare som ett system som premierar elever som redan har goda f\u00f6ruts\u00e4ttningar. De som d\u00e4remot beh\u00f6ver tid, trygghet och anpassningar l\u00e4mnas \u00e5t sitt \u00f6de. Det \u00e4r som att s\u00e4ga: har du en fungerande motor \u00e4r v\u00e4gen fri \u2013 saknar du br\u00e4nsle f\u00e5r du klara dig sj\u00e4lv. Men n\u00e4r skolan abdikerar fr\u00e5n sitt ansvar, vem tar d\u00e5 vid?<\/p>\n<p>Egen erfarenhet<\/p>\n<p>Jag skriver detta inte bara som yrkesverksam l\u00e4rare, utan ocks\u00e5 utifr\u00e5n egen erfarenhet. Under hela min grundskoletid k\u00e4mpade jag med b\u00e5de l\u00e4sning och matematik. Jag saknade motivation och bar p\u00e5 en psykisk oh\u00e4lsa som f\u00f6rdjupades i en skolmilj\u00f6 d\u00e4r jag inte k\u00e4nde mig sedd eller lyssnad p\u00e5. I \u00e5rskurs 7 fick jag h\u00f6ra att mina kunskaper var s\u00e5 bristf\u00e4lliga att jag knappt klarade enkel addition. Problemet var inte bristande intelligens \u2013 det var en skola som inte f\u00f6rm\u00e5dde m\u00f6ta mina behov.<\/p>\n<p>F\u00f6r\u00e4ndringen kom f\u00f6rst n\u00e4r mina f\u00f6r\u00e4ldrar valde att byta skola. I en ny milj\u00f6, med tillg\u00e4nglig pedagogik och lyh\u00f6rda l\u00e4rare, fick jag k\u00e4nna tillh\u00f6righet och m\u00f6jlighet att lyckas. Det \u00e4r tack vare detta jag i dag arbetar som grundskoll\u00e4rare och snart legitimerad specialpedagog. Mitt uppdrag \u00e4r att g\u00f6ra det som skolan allt oftare misslyckas med: att fylla p\u00e5 elever med det br\u00e4nsle de beh\u00f6ver f\u00f6r att stimuleras och utvecklas.<\/p>\n<blockquote cite=\"\">\n<p>Kompensatorisk kraft<\/p>\n<\/blockquote>\n<p>Skolan ska inte vara ett sorteringssystem. Den ska vara en kompensatorisk kraft. \u00c4nd\u00e5 genomf\u00f6rs i dag reformer som riskerar att f\u00f6rst\u00e4rka oj\u00e4mlikhet och exkludering \u2013 ofta utan f\u00f6rankring i forskning eller professionell erfarenhet. I vilka andra samh\u00e4llsb\u00e4rande yrken accepteras det att personer utan yrkeskunskap fattar beslut som s\u00e5 direkt p\u00e5verkar k\u00e4rnuppdraget?<\/p>\n<p>Den tidigare inkluderingens- forskningsbaserade insatsen har av vissa avf\u00e4rdats som \u201dinkluderingshysteri\u201d. Jag menar att det vi ser nu \u00e4r n\u00e5got betydligt farligare, en skolpolitik d\u00e4r vetenskap och bepr\u00f6vad erfarenhet ers\u00e4tts av symbolpolitik.<\/p>\n<p>Det \u00e4r inte inkludering som \u00e4r problemet \u2013 det \u00e4r reformer byggda p\u00e5 en \u201djorden \u00e4r platt\u201d-logik.<\/p>\n<p><strong>Sabina Standfuss, grundskoll\u00e4rare, \u00d6rebro\u00a0<\/strong><\/p>\n<p>        Vill du skriva en debattartikel p\u00e5 Vi L\u00e4rare?<\/p>\n<p><strong>G\u00f6r s\u00e5 h\u00e4r:<\/strong><\/p>\n<ol>\n<li>Skriv max 3 000 tecken, underteckna med namn, titel och g\u00e4rna bostadsort.<\/li>\n<li>Skicka helst texten som en Word-fil, och bifoga g\u00e4rna ett h\u00f6guppl\u00f6st portr\u00e4ttfoto i f\u00e4rg (oftast duger en selfie tagen i bra ljus).<\/li>\n<li>Mejla texten till adressen nedan och skriv \u00e4ven ditt mobilnummer i mejlet ifall vi beh\u00f6ver diskutera texten.<\/li>\n<\/ol>\n<p><strong>Mejla till oss p\u00e5:<\/strong> <a href=\"https:\/\/www.vilarare.se\/nyheter\/vi-larare-debatt\/oroande-trenden-symbolpolitik-for-skolan\/mailto:debatt@vilarare.se\" rel=\"nofollow noopener\" target=\"_blank\">debatt@vilarare.se<\/a><\/p>\n<p><strong>L\u00c4S \u00c4VEN:<\/strong><\/p>\n<p><a title=\"De sl\u00e5r h\u00e5l p\u00e5 myterna \u2013 med vetenskap f\u00f6r l\u00e4rare\" href=\"https:\/\/www.vilarare.se\/nyheter\/forskning\/de-slar-hal-pa-myterna-om-skolanmed-vetenskap-for-larare\/\" rel=\"nofollow noopener\" target=\"_blank\">De sl\u00e5r h\u00e5l p\u00e5 myterna \u2013 med vetenskap f\u00f6r l\u00e4rare<\/a><\/p>\n<p><a title=\"Inkluderingshaveriet: \u201dDet \u00e4r dags att t\u00e4nka om\u201d\" href=\"https:\/\/www.vilarare.se\/nyheter\/inkludering\/resultaten-av-inkluderingen-visar--det-ar-dags-att-tanka-om\/\" rel=\"nofollow noopener\" target=\"_blank\">Inkluderingshaveriet: \u201dDet \u00e4r dags att t\u00e4nka om\u201d<\/a><\/p>\n<p><a title=\"Skolministern: \u201dVi har ett inkluderingshaveri\u201d\" href=\"https:\/\/www.vilarare.se\/nyheter\/inkludering\/skolministern-om-granskningen-vi-har-ett-inkluderingshaveri\/\" rel=\"nofollow noopener\" target=\"_blank\">Skolministern: \u201dVi har ett inkluderingshaveri\u201d<\/a><\/p>\n","protected":false},"excerpt":{"rendered":"Foto: Privat\/AdobeStock Sabina Strandfuss efterlyser utbildningspolitik baserad p\u00e5 vetenskap. Debatt Utbildningspolitiken baseras p\u00e5 symbolpolitik, snarare \u00e4n vetenskap och&hellip;\n","protected":false},"author":2,"featured_media":131477,"comment_status":"","ping_status":"","sticky":false,"template":"","format":"standard","meta":{"footnotes":""},"categories":[12],"tags":[22,23,26,27,17,21,24,25,28,29,15,16,18,34,31,33,32,30,19,20],"class_list":{"0":"post-131476","1":"post","2":"type-post","3":"status-publish","4":"format-standard","5":"has-post-thumbnail","7":"category-sverige","8":"tag-breaking-news","9":"tag-breakingnews","10":"tag-featured-news","11":"tag-featurednews","12":"tag-headlines","13":"tag-huvudnyheter","14":"tag-latest-news","15":"tag-latestnews","16":"tag-main-news","17":"tag-mainnews","18":"tag-news","19":"tag-nyheter","20":"tag-rubriker","21":"tag-se","22":"tag-svenska","23":"tag-sverige","24":"tag-sweden","25":"tag-swedish","26":"tag-top-stories","27":"tag-topstories"},"share_on_mastodon":{"url":"https:\/\/pubeurope.com\/@se\/115870846362893303","error":""},"_links":{"self":[{"href":"https:\/\/www.europesays.com\/se\/wp-json\/wp\/v2\/posts\/131476","targetHints":{"allow":["GET"]}}],"collection":[{"href":"https:\/\/www.europesays.com\/se\/wp-json\/wp\/v2\/posts"}],"about":[{"href":"https:\/\/www.europesays.com\/se\/wp-json\/wp\/v2\/types\/post"}],"author":[{"embeddable":true,"href":"https:\/\/www.europesays.com\/se\/wp-json\/wp\/v2\/users\/2"}],"replies":[{"embeddable":true,"href":"https:\/\/www.europesays.com\/se\/wp-json\/wp\/v2\/comments?post=131476"}],"version-history":[{"count":0,"href":"https:\/\/www.europesays.com\/se\/wp-json\/wp\/v2\/posts\/131476\/revisions"}],"wp:featuredmedia":[{"embeddable":true,"href":"https:\/\/www.europesays.com\/se\/wp-json\/wp\/v2\/media\/131477"}],"wp:attachment":[{"href":"https:\/\/www.europesays.com\/se\/wp-json\/wp\/v2\/media?parent=131476"}],"wp:term":[{"taxonomy":"category","embeddable":true,"href":"https:\/\/www.europesays.com\/se\/wp-json\/wp\/v2\/categories?post=131476"},{"taxonomy":"post_tag","embeddable":true,"href":"https:\/\/www.europesays.com\/se\/wp-json\/wp\/v2\/tags?post=131476"}],"curies":[{"name":"wp","href":"https:\/\/api.w.org\/{rel}","templated":true}]}}