{"id":131482,"date":"2026-01-10T12:47:07","date_gmt":"2026-01-10T12:47:07","guid":{"rendered":"https:\/\/www.europesays.com\/se\/131482\/"},"modified":"2026-01-10T12:47:07","modified_gmt":"2026-01-10T12:47:07","slug":"fbk-ordforandens-vadjan-efter-tuffa-beslutet-jorgen-har-blivit-valdigt-utsatt-nwt","status":"publish","type":"post","link":"https:\/\/www.europesays.com\/se\/131482\/","title":{"rendered":"FBK-ordf\u00f6randens v\u00e4djan efter tuffa beslutet: \u201dJ\u00f6rgen har blivit v\u00e4ldigt utsatt\u201d &#8211; NWT"},"content":{"rendered":"<ol>\n<li><a href=\"https:\/\/news.google.com\/rss\/articles\/CBMitAFBVV95cUxNYW9XejUwY19jVlR4MlIwOEdsbU5sNmc1Mjk5Wkd2Zk5BQWVxVUJOYm9YMXJWYlZ4VDNsdU9odTRkQmVQOEZKb0J4WmFxX3pPNXRUZWFPb2ZvZThsYTBzbDZYQXYtcnA0b1lBaThpUDVRV3JybzBnd1ltZk5jQ2JLdzc0MHN2eVZrUGZXYlBzOXVzNWFNS0ppU1ZrX0tCSUx4djVzWFZZaG9UQ1p6Z0t6QkF0cGM?oc=5\" target=\"_blank\" rel=\"nofollow noopener\">FBK-ordf\u00f6randens v\u00e4djan efter tuffa beslutet: \u201dJ\u00f6rgen har blivit v\u00e4ldigt utsatt\u201d<\/a>&nbsp;&nbsp;NWT<\/li>\n<li><a href=\"https:\/\/news.google.com\/rss\/articles\/CBMivwFBVV95cUxPcFNENU5BRXdNdk1WM05USmhRMlZJVVJCT21TUWVYcFJNcXNzd3JPVDQ3NDBmV0R2ajdoVk8yeW9JbWNFdUFsVTctV2RZdXZBZVZnX3E2YXBacDNYTVVBOFVaRExqc2E0bUZ0YXNIdEEzT1pid21MXzhteG0ycnhodWJKMHlmZkt3Tm52cDlsQWd2UVpPZXY2eGRDSW5jdUpYUWpub2RtZ1dqaGlPV3Z2U3JadVdOb0ZaYWhMOFJ3aw?oc=5\" target=\"_blank\" rel=\"nofollow noopener\">Fansen tog emot nye tr\u00e4naren: \u201dM\u00e4ktigt\u201d<\/a>&nbsp;&nbsp;Aftonbladet<\/li>\n<li><a href=\"https:\/\/news.google.com\/rss\/articles\/CBMiY0FVX3lxTE00NWxtNWNSYkhfcTE0Unllal9MZjFPRG1TczA3WGV0Z0UwcmdoWHpXMkIyT21weUkteWk4WEVxZHRzRVVXVnlyVHo2VldhNzVHSnlkN19hMjJGc1pPekJ0U2Npbw?oc=5\" target=\"_blank\" rel=\"nofollow noopener\">SHL: F\u00f6r\u00e4ndringar i ledarstaben<\/a>&nbsp;&nbsp;F\u00e4rjestad BK<\/li>\n<li><a href=\"https:\/\/news.google.com\/rss\/articles\/CBMiWEFVX3lxTE9ibFA4ZXRXN2RMNGFhU0piNDE2YW9VV0VTMENnb195aVpNRkkwaWU5blU1QjV6RTlQSGR1aGg4dG9XbHNRNjZqU1JGcFNXSEZTcTNzYjlBS08?oc=5\" target=\"_blank\" rel=\"nofollow noopener\">Matchguide: Ny huvudtr\u00e4nare i F\u00e4rjestad \u2013 och tv\u00e5 supersviter<\/a>&nbsp;&nbsp;SHL<\/li>\n<li><a href=\"https:\/\/news.google.com\/rss\/articles\/CBMidEFVX3lxTFBxNE9YTEVWblNxdUNkY2QxNlVMZUpMQjM1a3ZCNU5qZ1J3VzQwcm9hNWNjTHZnV1pXazFnRkZsWklaLUdqaVZUdFlSN0xEa2FvUDZjeGJNbGs4U0N4MzVHQkJWRTVncXRjZWMyNm95TXFVZ3Rl?oc=5\" target=\"_blank\" rel=\"nofollow noopener\">Ishockey: F\u00e4rjestad sparkar J\u00f6rgen J\u00f6nsson<\/a>&nbsp;&nbsp;SVT Nyheter<\/li>\n<\/ol>\n","protected":false},"excerpt":{"rendered":"FBK-ordf\u00f6randens v\u00e4djan efter tuffa beslutet: \u201dJ\u00f6rgen har blivit v\u00e4ldigt utsatt\u201d&nbsp;&nbsp;NWT Fansen tog emot nye tr\u00e4naren: \u201dM\u00e4ktigt\u201d&nbsp;&nbsp;Aftonbladet SHL: F\u00f6r\u00e4ndringar&hellip;\n","protected":false},"author":2,"featured_media":131483,"comment_status":"","ping_status":"","sticky":false,"template":"","format":"standard","meta":{"footnotes":""},"categories":[5],"tags":[22,23,26,27,17,21,24,25,28,29,15,16,18,34,31,33,32,30,19,20],"class_list":{"0":"post-131482","1":"post","2":"type-post","3":"status-publish","4":"format-standard","5":"has-post-thumbnail","7":"category-rubriker","8":"tag-breaking-news","9":"tag-breakingnews","10":"tag-featured-news","11":"tag-featurednews","12":"tag-headlines","13":"tag-huvudnyheter","14":"tag-latest-news","15":"tag-latestnews","16":"tag-main-news","17":"tag-mainnews","18":"tag-news","19":"tag-nyheter","20":"tag-rubriker","21":"tag-se","22":"tag-svenska","23":"tag-sverige","24":"tag-sweden","25":"tag-swedish","26":"tag-top-stories","27":"tag-topstories"},"share_on_mastodon":{"url":"https:\/\/pubeurope.com\/@se\/115870881708469039","error":""},"_links":{"self":[{"href":"https:\/\/www.europesays.com\/se\/wp-json\/wp\/v2\/posts\/131482","targetHints":{"allow":["GET"]}}],"collection":[{"href":"https:\/\/www.europesays.com\/se\/wp-json\/wp\/v2\/posts"}],"about":[{"href":"https:\/\/www.europesays.com\/se\/wp-json\/wp\/v2\/types\/post"}],"author":[{"embeddable":true,"href":"https:\/\/www.europesays.com\/se\/wp-json\/wp\/v2\/users\/2"}],"replies":[{"embeddable":true,"href":"https:\/\/www.europesays.com\/se\/wp-json\/wp\/v2\/comments?post=131482"}],"version-history":[{"count":0,"href":"https:\/\/www.europesays.com\/se\/wp-json\/wp\/v2\/posts\/131482\/revisions"}],"wp:featuredmedia":[{"embeddable":true,"href":"https:\/\/www.europesays.com\/se\/wp-json\/wp\/v2\/media\/131483"}],"wp:attachment":[{"href":"https:\/\/www.europesays.com\/se\/wp-json\/wp\/v2\/media?parent=131482"}],"wp:term":[{"taxonomy":"category","embeddable":true,"href":"https:\/\/www.europesays.com\/se\/wp-json\/wp\/v2\/categories?post=131482"},{"taxonomy":"post_tag","embeddable":true,"href":"https:\/\/www.europesays.com\/se\/wp-json\/wp\/v2\/tags?post=131482"}],"curies":[{"name":"wp","href":"https:\/\/api.w.org\/{rel}","templated":true}]}}