{"id":131486,"date":"2026-01-10T12:53:06","date_gmt":"2026-01-10T12:53:06","guid":{"rendered":"https:\/\/www.europesays.com\/se\/131486\/"},"modified":"2026-01-10T12:53:06","modified_gmt":"2026-01-10T12:53:06","slug":"frankrike-har-skjutit-upp-g7-motet-i-juni-pa-grund-av-en-krock-med-mma-galan-ufc-white-house","status":"publish","type":"post","link":"https:\/\/www.europesays.com\/se\/131486\/","title":{"rendered":"Frankrike har skjutit upp G7-m\u00f6tet i juni p\u00e5 grund av en krock med MMA-galan UFC White House."},"content":{"rendered":"<p>Publicerad 10 jan 2026 kl 13.12Uppdaterad kl 13.41<\/p>\n<p>Frankrike har skjutit upp G7-m\u00f6tet i juni.<\/p>\n<p>De datum som f\u00f6rst planerades krockade med en MMA-gala i Vita huset.<\/p>\n<p>Det rapporterar <a href=\"https:\/\/www.politico.eu\/article\/france-delay-g7-white-house-donald-trump-birthday\/\" rel=\"nofollow noopener\" target=\"_blank\">Politico<\/a> med h\u00e4nvisning till k\u00e4llor.\u00a0<\/p>\n<p><img   alt=\"\"\/><\/p>\n<p>UFC-chefen Dana Bash tillsammans med Donald Trump valnatten h\u00f6sten 2024.<\/p>\n<p>Foto: CRISTOBAL HERRERA-ULASHKEVICH \/ EPA TT NYHETSBYR\u00c5N<\/p>\n<p>\u00d6ppna bild i helsk\u00e4rm<img loading=\"lazy\"   alt=\"\"\/><\/p>\n<p>USA:s president Donald Trump satt mellan Dana White och Elon Musk p\u00e5 en UFC-gala i New York november 2024.<\/p>\n<p>Foto: Evan Vucci \/ AP TT NYHETSBYR\u00c5N<\/p>\n<p>\u00d6ppna bild i helsk\u00e4rm<img loading=\"lazy\"   alt=\"\"\/><\/p>\n<p>Frankrikes president Emmanuel Macron.<\/p>\n<p>Foto: PRESIDENT OF UKRAINE \/ STELLA PICTURES<\/p>\n<p>\u00d6ppna bild i helsk\u00e4rm<\/p>\n<p>Frankrike \u00e4r v\u00e4rd f\u00f6r det \u00e5rliga toppm\u00f6tet mellan v\u00e4rldens st\u00f6rsta ekonomier.<\/p>\n<p>President Emmanuel Macrons kansli har tidigare meddelat att \u00e5rets <a href=\"https:\/\/www.expressen.se\/tagg\/organization\/g7\/\" class=\"\" rel=\"nofollow noopener\" target=\"_blank\">G7<\/a>-m\u00f6te ska \u00e4ga rum mellan den 14 och 16 juni i \u00c9vian-les-Bains vid Genevesj\u00f6n, som ligger p\u00e5 gr\u00e4nsen mellan Schweiz och Frankrike.<\/p>\n<p>Men den 14 juni h\u00e4nder det andra grejer.<\/p>\n<p>Dels \u00e4r det Flag day i USA.<\/p>\n<p>Och dels fyller Donald Trump 80 \u00e5r. Det ska han bland annat <a href=\"https:\/\/www.expressen.se\/sport\/mma\/trump-firar-80-arsdag-med-ufc-match-i-vita-huset\/\" rel=\"nofollow noopener\" target=\"_blank\">fira med MMA-galan UFC White House<\/a> som ska h\u00e5llas p\u00e5 Vita husets s\u00f6dra gr\u00e4smatta och v\u00e4ntas locka upp mot 5\u00a0000 \u00e5sk\u00e5dare.\u00a0<\/p>\n<p>\u00c4ndrade datum\u00a0<\/p>\n<p>Nu har datumen f\u00f6r G7-m\u00f6tet \u00e4ndrats. Det har flyttats fram en dag och kommer att h\u00e5llas mellan den 15 och 17 juni.\u00a0<\/p>\n<p>Officiellt heter det att datum\u00e4ndringen \u00e4r \u201dresultatet av samr\u00e5d mellan G7-l\u00e4nderna\u201d, skriver Politico.\u00a0<\/p>\n<p>Men samtidigt uppger en k\u00e4lla f\u00f6r Politico att Trumps n\u00e4rvaro \u00e4r \u201davg\u00f6rande\u201d f\u00f6r m\u00f6tet.<\/p>\n<p>\u2013 De var v\u00e4nliga nog att flytta datumen f\u00f6r att anpassa sig efter den amerikanska presidentens schema.\u00a0<\/p>\n<p>Fakta: G7<\/p>\n<p> G7 \u00e4r en informell gruppering som best\u00e5r av sju av v\u00e4rldens ledande industril\u00e4nder som ocks\u00e5 betraktas som demokratier: Frankrike, Italien, Japan, Kanada, Storbritannien, Tyskland och USA.\u00a0<\/p>\n<p> Gruppen har h\u00e5llit \u00e5rliga toppm\u00f6ten sedan 1970-talet.<\/p>\n<p> Den kallades G8 n\u00e4r Ryssland ingick mellan 1997\u20132014.<\/p>\n<p>K\u00e4lla: Utrikespolitiska institutet<\/p>\n<p>Visa merV\u00e4nskapen med UFC-toppen<\/p>\n<p>Dana White har varit president f\u00f6r UFC, den st\u00f6rsta organisationen inom kampsportsv\u00e4rlden, sedan 2001. V\u00e4nskapen mellan honom och USA:s president str\u00e4cker sig ungef\u00e4r lika l\u00e5ngt tillbaka, skriver <a href=\"https:\/\/www.theguardian.com\/sport\/2026\/jan\/09\/france-delays-g7-summit-white-house-ufc-trump-birthday\" rel=\"nofollow noopener\" target=\"_blank\">The Guardian.<\/a><\/p>\n<p>Trump var bland annat tidig med att att till\u00e5ta matcher p\u00e5 kasinot Trump Taj Mahal i Atlantic City vilket bidrog till att ge organisationen exponering, enligt tidningen.<\/p>\n<p>Presidenten har varit p\u00e5 plats <a href=\"https:\/\/www.expressen.se\/sport\/mma\/donald-trump-dok-upp-pa-ufc-galan-i-newark-\/\" rel=\"nofollow noopener\" target=\"_blank\">som \u00e5sk\u00e5dare vid flera UFC-galor<\/a>. Inte s\u00e4llan p\u00e5 f\u00f6rsta raden.\u00a0<\/p>\n<p>Samtidigt har UFC-toppen upprepade g\u00e5nger hyllat Trump. N\u00e4r han utropade sig till USA:s president efter USA-valet 2024 <a href=\"https:\/\/www.expressen.se\/sport\/mma\/dana-whites-vagran-det-ar-ackligt-\/\" rel=\"nofollow noopener\" target=\"_blank\">d\u00f6k White upp p\u00e5 scenen.\u00a0<\/a><\/p>\n<p>\u2013 Ingen f\u00f6rtj\u00e4nar det h\u00e4r mer \u00e4n han. Ingen f\u00f6rtj\u00e4nar det mer \u00e4n hans familj, sa han d\u00e5.\u00a0<\/p>\n","protected":false},"excerpt":{"rendered":"Publicerad 10 jan 2026 kl 13.12Uppdaterad kl 13.41 Frankrike har skjutit upp G7-m\u00f6tet i juni. De datum som&hellip;\n","protected":false},"author":2,"featured_media":131487,"comment_status":"","ping_status":"","sticky":false,"template":"","format":"standard","meta":{"footnotes":""},"categories":[14],"tags":[22,23,26,27,17,21,24,25,28,29,15,16,13451,702,13452,198,3739,18,34,55,31,33,32,30,19,204,20,51,52,53,54],"class_list":{"0":"post-131486","1":"post","2":"type-post","3":"status-publish","4":"format-standard","5":"has-post-thumbnail","7":"category-varlden","8":"tag-breaking-news","9":"tag-breakingnews","10":"tag-featured-news","11":"tag-featurednews","12":"tag-headlines","13":"tag-huvudnyheter","14":"tag-latest-news","15":"tag-latestnews","16":"tag-main-news","17":"tag-mainnews","18":"tag-news","19":"tag-nyheter","20":"tag-organization-g7","21":"tag-organization-ufc","22":"tag-person-dana-white","23":"tag-person-donald-trump","24":"tag-person-emmanuel-macron","25":"tag-rubriker","26":"tag-se","27":"tag-sections-varlden","28":"tag-svenska","29":"tag-sverige","30":"tag-sweden","31":"tag-swedish","32":"tag-top-stories","33":"tag-topic-amerikansk-politik","34":"tag-topstories","35":"tag-varlden","36":"tag-world","37":"tag-world-news","38":"tag-worldnews"},"share_on_mastodon":{"url":"","error":"Validation failed: Text character limit of 500 exceeded"},"_links":{"self":[{"href":"https:\/\/www.europesays.com\/se\/wp-json\/wp\/v2\/posts\/131486","targetHints":{"allow":["GET"]}}],"collection":[{"href":"https:\/\/www.europesays.com\/se\/wp-json\/wp\/v2\/posts"}],"about":[{"href":"https:\/\/www.europesays.com\/se\/wp-json\/wp\/v2\/types\/post"}],"author":[{"embeddable":true,"href":"https:\/\/www.europesays.com\/se\/wp-json\/wp\/v2\/users\/2"}],"replies":[{"embeddable":true,"href":"https:\/\/www.europesays.com\/se\/wp-json\/wp\/v2\/comments?post=131486"}],"version-history":[{"count":0,"href":"https:\/\/www.europesays.com\/se\/wp-json\/wp\/v2\/posts\/131486\/revisions"}],"wp:featuredmedia":[{"embeddable":true,"href":"https:\/\/www.europesays.com\/se\/wp-json\/wp\/v2\/media\/131487"}],"wp:attachment":[{"href":"https:\/\/www.europesays.com\/se\/wp-json\/wp\/v2\/media?parent=131486"}],"wp:term":[{"taxonomy":"category","embeddable":true,"href":"https:\/\/www.europesays.com\/se\/wp-json\/wp\/v2\/categories?post=131486"},{"taxonomy":"post_tag","embeddable":true,"href":"https:\/\/www.europesays.com\/se\/wp-json\/wp\/v2\/tags?post=131486"}],"curies":[{"name":"wp","href":"https:\/\/api.w.org\/{rel}","templated":true}]}}