{"id":131489,"date":"2026-01-10T12:55:13","date_gmt":"2026-01-10T12:55:13","guid":{"rendered":"https:\/\/www.europesays.com\/se\/131489\/"},"modified":"2026-01-10T12:55:13","modified_gmt":"2026-01-10T12:55:13","slug":"kaj-lamnades-i-snon-utanfor-boendet-hela-natten-norra-halland","status":"publish","type":"post","link":"https:\/\/www.europesays.com\/se\/131489\/","title":{"rendered":"Kaj l\u00e4mnades i sn\u00f6n utanf\u00f6r boendet hela natten &#8211; Norra Halland"},"content":{"rendered":"<ol>\n<li><a href=\"https:\/\/news.google.com\/rss\/articles\/CBMijgFBVV95cUxNbU5tV3NfRkxDbEQtV2FGbjlYU044ZU5ucTREYjhrZjdLUDBMdG5jd3FkZDlfUThOcDVzbDZJNEF3UjZELU1DTEZUMzVaMmVodFJJM3p1S2otdENqUWllcmlXdmNFVGg2SjVhbElRbnd1M1YzNzU0Ync1WmYySGJnbXdJekRTWjBQTjk4Qktn?oc=5\" target=\"_blank\" rel=\"nofollow noopener\">Kaj l\u00e4mnades i sn\u00f6n utanf\u00f6r boendet hela natten<\/a>&nbsp;&nbsp;Norra Halland<\/li>\n<li><a href=\"https:\/\/news.google.com\/rss\/articles\/CBMi5gFBVV95cUxOMXM1VU1NWFFwNnZSRFNiRW9aSTcxRDNIdzRVRWlOVWhMLUduRWVuSWZaUllUVU9CcU5zQ2M2dmlJbk1KZE53ZGlvU3lIVGFxc2VnX1IyUkduQUNDdUQtcElVVkxDaDRiV1N0N0tTaGMtdGR0TDU0LTZkY1JsSFVxQmEwaXlnV0ZVYUt1eTE1WGZ2M2JlRks4LUx1RThfWktBdGltVHh0bEVOTV9WTllKa0s2RWNCZTlSYXV1cm9aRjlKcVljek5hWXdidzlPOWY1MDM5dVRHTDJySnZJZm1SejhVeG94dw?oc=5\" target=\"_blank\" rel=\"nofollow noopener\">Kaj, 80, blev sittande i kraftiga sn\u00f6fallet utanf\u00f6r \u00e4ldreboendet \u2013 en hel natt<\/a>&nbsp;&nbsp;Kungsbacka-Posten<\/li>\n<li><a href=\"https:\/\/news.google.com\/rss\/articles\/CBMilwFBVV95cUxQYzVleF9mX2ZwYURxWnN1S3kwMENULXBNYnFISElZc2xuWDZVbDludnFlQnMwZ3pYS1duWG9EbEZiSlcwY2ducTNUOU9NZDZNVHpMWGc5bjcyQXBycFRob29HZFY4NnZKMlUxZUhhUWFKWjlMMzVVQzNpN0psZVUzWFhUNE9lbzNQU2x0MWZvWmJ5ZUJSQWZj?oc=5\" target=\"_blank\" rel=\"nofollow noopener\">Johans pappa Kaj, 80, l\u00e4mnades i sn\u00f6n<\/a>&nbsp;&nbsp;Aftonbladet<\/li>\n<li><a href=\"https:\/\/news.google.com\/rss\/articles\/CBMilAFBVV95cUxOUlMtUWhScE5SYVZEb3V4b2FfVFhDN2hWcFctRWZGd1BwaVJPRlltTm9feDZ4MXdXMnhFeDJxdjhMUjZOcGFLYUF1UDdUSDBHWkFfeWNoSDdtcnV4WmdFdlpTanNxWlI3clByTWRDcHIzMGNUMG00RVV4NVJDSHV1QXlmb08xb3pLaWdTdDI3QjVFMTJq?oc=5\" target=\"_blank\" rel=\"nofollow noopener\">80-\u00e5rige Kaj l\u00e4mnades i sn\u00f6ov\u00e4dret \u2013 i \u00e5tta timmar<\/a>&nbsp;&nbsp;Expressen<\/li>\n<li><a href=\"https:\/\/news.google.com\/rss\/articles\/CBMiwgFBVV95cUxOd1czSHVvWmNRQVdRR3ozRkNObnJBdW1LM3FJcWIxY01nMnowd1ZoMTctZEU4aDY1OG5YbUZXMGNlNk5VMFlMZC1TVzY1X1hWT251RGJfRE9Db3NoMlgtNVBmbXdmOWlFazB1T0d3N01NLTN1ZGRFR056ajEtam5hd0doYW14R1VMeS1wN2NxT1VoUzhCMWN5ZTFOemhCQm82ZnlGem92OWRqcC1BRmVkUVRSYm50cTdQZ1VkMTRua0hJdw?oc=5\" target=\"_blank\" rel=\"nofollow noopener\">Kaj, 80, l\u00e4mnades ensam ute i sn\u00f6ov\u00e4dret<\/a>&nbsp;&nbsp;GP<\/li>\n<\/ol>\n","protected":false},"excerpt":{"rendered":"Kaj l\u00e4mnades i sn\u00f6n utanf\u00f6r boendet hela natten&nbsp;&nbsp;Norra Halland Kaj, 80, blev sittande i kraftiga sn\u00f6fallet utanf\u00f6r \u00e4ldreboendet&hellip;\n","protected":false},"author":2,"featured_media":131490,"comment_status":"","ping_status":"","sticky":false,"template":"","format":"standard","meta":{"footnotes":""},"categories":[5],"tags":[22,23,26,27,17,21,24,25,28,29,15,16,18,34,31,33,32,30,19,20],"class_list":{"0":"post-131489","1":"post","2":"type-post","3":"status-publish","4":"format-standard","5":"has-post-thumbnail","7":"category-rubriker","8":"tag-breaking-news","9":"tag-breakingnews","10":"tag-featured-news","11":"tag-featurednews","12":"tag-headlines","13":"tag-huvudnyheter","14":"tag-latest-news","15":"tag-latestnews","16":"tag-main-news","17":"tag-mainnews","18":"tag-news","19":"tag-nyheter","20":"tag-rubriker","21":"tag-se","22":"tag-svenska","23":"tag-sverige","24":"tag-sweden","25":"tag-swedish","26":"tag-top-stories","27":"tag-topstories"},"share_on_mastodon":{"url":"https:\/\/pubeurope.com\/@se\/115870913181338535","error":""},"_links":{"self":[{"href":"https:\/\/www.europesays.com\/se\/wp-json\/wp\/v2\/posts\/131489","targetHints":{"allow":["GET"]}}],"collection":[{"href":"https:\/\/www.europesays.com\/se\/wp-json\/wp\/v2\/posts"}],"about":[{"href":"https:\/\/www.europesays.com\/se\/wp-json\/wp\/v2\/types\/post"}],"author":[{"embeddable":true,"href":"https:\/\/www.europesays.com\/se\/wp-json\/wp\/v2\/users\/2"}],"replies":[{"embeddable":true,"href":"https:\/\/www.europesays.com\/se\/wp-json\/wp\/v2\/comments?post=131489"}],"version-history":[{"count":0,"href":"https:\/\/www.europesays.com\/se\/wp-json\/wp\/v2\/posts\/131489\/revisions"}],"wp:featuredmedia":[{"embeddable":true,"href":"https:\/\/www.europesays.com\/se\/wp-json\/wp\/v2\/media\/131490"}],"wp:attachment":[{"href":"https:\/\/www.europesays.com\/se\/wp-json\/wp\/v2\/media?parent=131489"}],"wp:term":[{"taxonomy":"category","embeddable":true,"href":"https:\/\/www.europesays.com\/se\/wp-json\/wp\/v2\/categories?post=131489"},{"taxonomy":"post_tag","embeddable":true,"href":"https:\/\/www.europesays.com\/se\/wp-json\/wp\/v2\/tags?post=131489"}],"curies":[{"name":"wp","href":"https:\/\/api.w.org\/{rel}","templated":true}]}}