{"id":131492,"date":"2026-01-10T12:58:08","date_gmt":"2026-01-10T12:58:08","guid":{"rendered":"https:\/\/www.europesays.com\/se\/131492\/"},"modified":"2026-01-10T12:58:08","modified_gmt":"2026-01-10T12:58:08","slug":"de-skrev-supersuccen-k-pop-demonjagarna-nu-anlitas-de-av-tim-burton","status":"publish","type":"post","link":"https:\/\/www.europesays.com\/se\/131492\/","title":{"rendered":"De skrev supersucc\u00e9n \u201dK-Pop: Demonj\u00e4garna\u201d \u2013 nu anlitas de av Tim Burton"},"content":{"rendered":"<p>Namnen <strong>Danya Jimenez<\/strong> och <strong>Hannah McMechan<\/strong> kanske inte f\u00e5r n\u00e5gon klocka att ringa, men faktum \u00e4r att de tillsammans \u00e4r en av Hollywoods hetaste manusduor just nu. Det efter att ha skrivit Netflix st\u00f6rsta film n\u00e5gonsin \u2013 <a href=\"https:\/\/www.moviezine.se\/movies\/kpop-demonjagarna\" rel=\"nofollow noopener\" target=\"_blank\">\u201dK-Pop: Demonj\u00e4garna\u201d<\/a>.<\/p>\n<p>Nu har de f\u00e5tt ett nytt jobb som \u00e4r ganska stort. Ungef\u00e4r femton meter h\u00f6gt. De ska n\u00e4mligen skriva manuset till <strong>Tim Burtons<\/strong> n\u00e4sta film \u2013 <strong>\u201dAttack of the Fifty Foot Woman\u201d<\/strong>. Det avsl\u00f6jar <a href=\"https:\/\/www.hollywoodreporter.com\/movies\/movie-news\/kpop-demon-hunters-attack-of-the-fifty-foot-woman-1236468039\/\" rel=\"nofollow noopener\" target=\"_blank\">The Hollywood Reporter<\/a>.<\/p>\n<p>Filmen \u00e4r en remake av den kultf\u00f6rklarade <a href=\"https:\/\/www.moviezine.se\/movies\/attack-of-the-50-foot-woman\" rel=\"nofollow noopener\" target=\"_blank\">B-filmen fr\u00e5n 1958<\/a> om en societetskvinna som blir j\u00e4ttestor. <a href=\"https:\/\/www.moviezine.se\/nyheter\/rykte-margot-robbie-blir-15-meter-lang-kvinna-i-tim-burtons-nasta-film\" rel=\"nofollow noopener\" target=\"_blank\">Rykten g\u00f6r g\u00e4llande<\/a> att det blir sj\u00e4lvaste <strong>Margot Robbie<\/strong> som kommer axla rollen.<\/p>\n<p><img loading=\"lazy\" height=\"365\" width=\"648\" class=\"wp-image-696514 sp-no-webp perfmatters-lazy\" alt=\"\" decoding=\"async\" src=\"https:\/\/www.europesays.com\/se\/wp-content\/uploads\/2026\/01\/uGnogJVZS4BD8gCSgLaZ45-1200-80-648x365.jpg\"  data-\/> Margot Robbie kan bli j\u00e4ttel\u00e5ng.<\/p>\n<p>En f\u00f6rsta version av manuset \u00e4r redan skriven av <strong>Gillian Flynn<\/strong> \u2013 f\u00f6rfattaren bakom \u201dGone Girl\u201d. Men det verkar som att Burton \u00e4r ute efter lite yngre energi \u2013 och kanske lite mer K-Pop.<\/p>\n<p>\u2013 Vi \u00e4r besatta av id\u00e9n om en femton meter l\u00e5ng kvinna som g\u00e5r b\u00e4rs\u00e4rk f\u00f6r att en man behandlat henne illa, s\u00e4ger duon i ett uttalande till The Hollywood Reporter. Vi har en k\u00e4nsla av att m\u00e5nga kommer att kunna relatera.<\/p>\n<p>N\u00e4r \u201dAttack of the Fifty Foot Woman\u201d tornar upp sig p\u00e5 biodukarna \u00e4r \u00e4nnu oklart.<\/p>\n<p>L\u00e4s ocks\u00e5: <a href=\"https:\/\/www.moviezine.se\/nyheter\/eva-green-klar-for-stor-skurkroll-i-sasong-3-av-wednesday\" title=\"Eva Green \u00e5terf\u00f6renas med Tim Burton \u2013 i s\u00e4song 3 av \u201dWednesday\u201d\" class=\"underline-custom !font-montserrat !font-bold !underline-offset-4 !decoration-4 !decoration-moviezine-green !text-md\" rel=\"nofollow noopener\" target=\"_blank\">Eva Green \u00e5terf\u00f6renas med Tim Burton \u2013 i s\u00e4song 3 av \u201dWednesday\u201d<\/a><\/p>\n<p>L\u00e4s ocks\u00e5: <a href=\"https:\/\/www.moviezine.se\/nyheter\/k-pop-demonjagarna-2-satsar-pa-premiar-2029\" title=\"\u201cK-Pop: Demonj\u00e4garna 2\u201d satsar p\u00e5 premi\u00e4r 2029\" class=\"underline-custom !font-montserrat !font-bold !underline-offset-4 !decoration-4 !decoration-moviezine-green !text-md\" rel=\"nofollow noopener\" target=\"_blank\">\u201cK-Pop: Demonj\u00e4garna 2\u201d satsar p\u00e5 premi\u00e4r 2029<\/a><\/p>\n","protected":false},"excerpt":{"rendered":"Namnen Danya Jimenez och Hannah McMechan kanske inte f\u00e5r n\u00e5gon klocka att ringa, men faktum \u00e4r att de&hellip;\n","protected":false},"author":2,"featured_media":131493,"comment_status":"","ping_status":"","sticky":false,"template":"","format":"standard","meta":{"footnotes":""},"categories":[67],"tags":[104,2278,34,31,33,32,30,105],"class_list":{"0":"post-131492","1":"post","2":"type-post","3":"status-publish","4":"format-standard","5":"has-post-thumbnail","7":"category-underhallning","8":"tag-entertainment","9":"tag-kommande-filmer","10":"tag-se","11":"tag-svenska","12":"tag-sverige","13":"tag-sweden","14":"tag-swedish","15":"tag-underhallning"},"share_on_mastodon":{"url":"https:\/\/pubeurope.com\/@se\/115870924942492364","error":""},"_links":{"self":[{"href":"https:\/\/www.europesays.com\/se\/wp-json\/wp\/v2\/posts\/131492","targetHints":{"allow":["GET"]}}],"collection":[{"href":"https:\/\/www.europesays.com\/se\/wp-json\/wp\/v2\/posts"}],"about":[{"href":"https:\/\/www.europesays.com\/se\/wp-json\/wp\/v2\/types\/post"}],"author":[{"embeddable":true,"href":"https:\/\/www.europesays.com\/se\/wp-json\/wp\/v2\/users\/2"}],"replies":[{"embeddable":true,"href":"https:\/\/www.europesays.com\/se\/wp-json\/wp\/v2\/comments?post=131492"}],"version-history":[{"count":0,"href":"https:\/\/www.europesays.com\/se\/wp-json\/wp\/v2\/posts\/131492\/revisions"}],"wp:featuredmedia":[{"embeddable":true,"href":"https:\/\/www.europesays.com\/se\/wp-json\/wp\/v2\/media\/131493"}],"wp:attachment":[{"href":"https:\/\/www.europesays.com\/se\/wp-json\/wp\/v2\/media?parent=131492"}],"wp:term":[{"taxonomy":"category","embeddable":true,"href":"https:\/\/www.europesays.com\/se\/wp-json\/wp\/v2\/categories?post=131492"},{"taxonomy":"post_tag","embeddable":true,"href":"https:\/\/www.europesays.com\/se\/wp-json\/wp\/v2\/tags?post=131492"}],"curies":[{"name":"wp","href":"https:\/\/api.w.org\/{rel}","templated":true}]}}