{"id":131497,"date":"2026-01-10T13:02:10","date_gmt":"2026-01-10T13:02:10","guid":{"rendered":"https:\/\/www.europesays.com\/se\/131497\/"},"modified":"2026-01-10T13:02:10","modified_gmt":"2026-01-10T13:02:10","slug":"10-januari-07-43-misshandel-grov-norrkoping","status":"publish","type":"post","link":"https:\/\/www.europesays.com\/se\/131497\/","title":{"rendered":"10 januari 07.43, Misshandel, grov, Norrk\u00f6ping"},"content":{"rendered":"<p>07.30 larmas polis till Hageby i Norrk\u00f6ping d\u00e5 en man i 60-\u00e5rs\u00e5ldern ska ha blivit skadad med ett vasst f\u00f6rem\u00e5l utomhus. Mannen antr\u00e4ffas och bl\u00f6der. Han \u00e4r vaken och talbar, och f\u00f6rs till sjukhus med ambulans. Polis finns i omr\u00e5det f\u00f6r informationsinh\u00e4mtning. G\u00e4rningspersonen \u00e4r i nul\u00e4get ok\u00e4nd.\u00a0<\/p>\n<p><strong>Uppdatering 08.00:<\/strong> Polisen har gripit en kvinna i 45-\u00e5rs\u00e5ldern misst\u00e4nkt f\u00f6r grov misshandel.\u00a0<\/p>\n<p><strong>Uppdatering 08.30: <\/strong>Polisen misst\u00e4nker att misshandeln skett i en l\u00e4genhet och har d\u00e4rf\u00f6r sp\u00e4rrat av l\u00e4genheten. Polis \u00e4r p\u00e5 plats under morgonen f\u00f6r att s\u00f6ka sp\u00e5r, g\u00f6ra en teknisk unders\u00f6kning, och s\u00f6ka efter vittnesuppgifter.\u00a0<\/p>\n<p><strong>Uppdatering 09.30:<\/strong> Mannen som f\u00f6rts till sjukhus ska inte vara livshotande skadad och polis r\u00e4knar med att kunna h\u00e5lla f\u00f6rh\u00f6r inom kort. Mannen och kvinnan ska inte vara ok\u00e4nda f\u00f6r varandra.\u00a0<\/p>\n<p><strong>Uppdatering 11.10: <\/strong>Polisens tekniker \u00e4r klara p\u00e5 platsen och avsp\u00e4rrningen \u00e4r h\u00e4vd. Nu forts\u00e4tter polisens utrednings\u00e5tg\u00e4rder med att samla information om h\u00e4ndelsef\u00f6rloppet.\u00a0<\/p>\n","protected":false},"excerpt":{"rendered":"07.30 larmas polis till Hageby i Norrk\u00f6ping d\u00e5 en man i 60-\u00e5rs\u00e5ldern ska ha blivit skadad med ett&hellip;\n","protected":false},"author":2,"featured_media":54,"comment_status":"","ping_status":"","sticky":false,"template":"","format":"standard","meta":{"footnotes":""},"categories":[12],"tags":[22,23,26,27,17,21,24,25,28,29,15,16,18,34,31,33,32,30,19,20],"class_list":{"0":"post-131497","1":"post","2":"type-post","3":"status-publish","4":"format-standard","5":"has-post-thumbnail","7":"category-sverige","8":"tag-breaking-news","9":"tag-breakingnews","10":"tag-featured-news","11":"tag-featurednews","12":"tag-headlines","13":"tag-huvudnyheter","14":"tag-latest-news","15":"tag-latestnews","16":"tag-main-news","17":"tag-mainnews","18":"tag-news","19":"tag-nyheter","20":"tag-rubriker","21":"tag-se","22":"tag-svenska","23":"tag-sverige","24":"tag-sweden","25":"tag-swedish","26":"tag-top-stories","27":"tag-topstories"},"share_on_mastodon":{"url":"https:\/\/pubeurope.com\/@se\/115870940811287760","error":""},"_links":{"self":[{"href":"https:\/\/www.europesays.com\/se\/wp-json\/wp\/v2\/posts\/131497","targetHints":{"allow":["GET"]}}],"collection":[{"href":"https:\/\/www.europesays.com\/se\/wp-json\/wp\/v2\/posts"}],"about":[{"href":"https:\/\/www.europesays.com\/se\/wp-json\/wp\/v2\/types\/post"}],"author":[{"embeddable":true,"href":"https:\/\/www.europesays.com\/se\/wp-json\/wp\/v2\/users\/2"}],"replies":[{"embeddable":true,"href":"https:\/\/www.europesays.com\/se\/wp-json\/wp\/v2\/comments?post=131497"}],"version-history":[{"count":0,"href":"https:\/\/www.europesays.com\/se\/wp-json\/wp\/v2\/posts\/131497\/revisions"}],"wp:featuredmedia":[{"embeddable":true,"href":"https:\/\/www.europesays.com\/se\/wp-json\/wp\/v2\/media\/54"}],"wp:attachment":[{"href":"https:\/\/www.europesays.com\/se\/wp-json\/wp\/v2\/media?parent=131497"}],"wp:term":[{"taxonomy":"category","embeddable":true,"href":"https:\/\/www.europesays.com\/se\/wp-json\/wp\/v2\/categories?post=131497"},{"taxonomy":"post_tag","embeddable":true,"href":"https:\/\/www.europesays.com\/se\/wp-json\/wp\/v2\/tags?post=131497"}],"curies":[{"name":"wp","href":"https:\/\/api.w.org\/{rel}","templated":true}]}}