{"id":131498,"date":"2026-01-10T13:03:10","date_gmt":"2026-01-10T13:03:10","guid":{"rendered":"https:\/\/www.europesays.com\/se\/131498\/"},"modified":"2026-01-10T13:03:10","modified_gmt":"2026-01-10T13:03:10","slug":"skjutningen-i-hasselby-13-aring-gripen-enligt-uppgifter","status":"publish","type":"post","link":"https:\/\/www.europesays.com\/se\/131498\/","title":{"rendered":"Skjutningen i H\u00e4sselby: 13-\u00e5ring gripen enligt uppgifter"},"content":{"rendered":"<p class=\"boxtextgrotesk-root_baa6 hyperion-css-7pajle\">Uppdaterad 10.51 | Publicerad 10.50<\/p>\n<p>share-arrowDela<\/p>\n<p>unsaveSpara<\/p>\n<p>expand-left<\/p>\n<p>helsk\u00e4rm<img decoding=\"async\" class=\"image-asset hyperion-css-u06ts1\" data-test-tag=\"image-asset\" src=\"https:\/\/www.europesays.com\/se\/wp-content\/uploads\/2026\/01\/d6491c84-f0f4-457f-903c-47afc9f8f350.jpeg\"  alt=\"\"  loading=\"eager\" fetchpriority=\"high\" style=\"aspect-ratio:1900 \/ 1267\"\/> Foto: Anders Wiklund\/TT<\/p>\n<p class=\"hyperion-css-1shl3oz\" data-test-tag=\"lead-text\">13-\u00e5ringen skulle f\u00e5 pengar f\u00f6r att skjuta en person i H\u00e4sselby, enligt Aftonbladets uppgifter.<\/p>\n<p class=\"hyperion-css-1shl3oz\" data-test-tag=\"lead-text\">250\u00a0000 om han sk\u00f6t r\u00e4tt person.<\/p>\n<p class=\"hyperion-css-1shl3oz\" data-test-tag=\"lead-text\">Och 200\u00a0000 om han sk\u00f6t den som \u00f6ppnade d\u00f6rren f\u00f6rst.<\/p>\n<ul class=\"hyperion-css-e9gx76\" data-test-tag=\"list\">\n<li class=\"hyperion-css-1d843yr\">En 13-\u00e5rig pojke misst\u00e4nks f\u00f6r att ha planerat en skjutning i H\u00e4sselby mot betalning, men ingen skadades i h\u00e4ndelsen.<\/li>\n<li class=\"hyperion-css-1d843yr\">Polisen hittade skotth\u00e5l och tomhylsor vid en bostad och frihetsber\u00f6vade en ung man med ett vapen och en telefon inneh\u00e5llande ett morduppdrag.<\/li>\n<li class=\"hyperion-css-1d843yr\">H\u00e4ndelsen, som kopplas till kriminella n\u00e4tverk, utreds som grovt olaga hot och grovt brott mot vapenlagen.<\/li>\n<\/ul>\n<p>L\u00e4s mer<\/p>\n<p class=\"hyperion-css-1v9qo5x\">Strax efter klockan 13 p\u00e5 fredagen larmades polisen till <a data-test-tag=\"internal-link\" href=\"https:\/\/www.aftonbladet.se\/tagg\/hasselby\" class=\"hyperion-css-15jkft9\" rel=\"nofollow noopener\" target=\"\" aria-label=\"H\u00e4sselby\">H\u00e4sselby<\/a> i nordv\u00e4stra <a data-test-tag=\"internal-link\" href=\"https:\/\/www.aftonbladet.se\/lokala-nyheter\/stockholm\" class=\"hyperion-css-15jkft9\" rel=\"nofollow noopener\" target=\"\" aria-label=\"Stockholm\">Stockholm<\/a>.<\/p>\n<p class=\"hyperion-css-1v9qo5x\">\u2013 Det \u00e4r n\u00e5gon som ringer oss och s\u00e4ger att de h\u00f6rt flera skott. Det finns en hel del vittnesuppgifter. Det ska handla om skott mot en bostad, sa Mats Eriksson, presstalesperson hos polisen i region Stockholm, strax efter h\u00e4ndelsen.<\/p>\n<p class=\"hyperion-css-1v9qo5x\">Polisen hittade flera skotth\u00e5l i en l\u00e4genhetsd\u00f6rr och tomhylsor p\u00e5 platsen. Ingen person skadades. Kort efter h\u00e4ndelsen frihetsber\u00f6vades en ung man, enligt polisen. <\/p>\n<p class=\"hyperion-css-1v9qo5x\">\u2013 Han frihetsber\u00f6vades ganska n\u00e4ra i s\u00e5v\u00e4l tid som rum. Vi kan vara v\u00e4ldigt s\u00e4kra p\u00e5 att det \u00e4r han, s\u00e4ger polisens presstalesperson Ola \u00d6sterling under kv\u00e4llen.<\/p>\n<p>expand-left<\/p>\n<p>helsk\u00e4rm<img decoding=\"async\" class=\"image-asset hyperion-css-u06ts1\" data-test-tag=\"image-asset\" src=\"https:\/\/www.europesays.com\/se\/wp-content\/uploads\/2026\/01\/e36dbc56-4174-4794-8675-311ab74ede56.jpeg\"  alt=\"13-\u00e5ringen ska ha gripits bev\u00e4pnad i en taxi.\"  loading=\"eager\" fetchpriority=\"high\" style=\"aspect-ratio:1900 \/ 991\"\/>13-\u00e5ringen ska ha gripits bev\u00e4pnad i en taxi. Foto: Anders Wiklund\/TTGreps i taxi<\/p>\n<p class=\"hyperion-css-1v9qo5x\">Enligt Aftonbladets uppgifter \u00e4r den gripne en 13-\u00e5rig pojke som nyligen rymt fr\u00e5n ett HVB-hem.<\/p>\n<p class=\"hyperion-css-1v9qo5x\">Han ska ha gripits i en taxi efter skjutningen, och hade d\u00e5 ett vapen och en telefon p\u00e5 sig.<\/p>\n<p class=\"hyperion-css-1v9qo5x\">I telefonen ska polisen ha hittat instruktioner om ett morduppdrag i en krypterad chatt.<\/p>\n<p class=\"hyperion-css-1v9qo5x\">D\u00e4r framgick, enligt uppgifter till Aftonbladet, vem som var m\u00e5ltavlan och att pojken skulle fr\u00e5ga efter den personen. Men om personen inte var hemma skulle han \u201dskjuta den f\u00f6rsta som \u00f6ppnar d\u00f6rren\u201d.<\/p>\n<p class=\"hyperion-css-1v9qo5x\">M\u00e5ltavlan ska vara en person med kopplingar till ett kriminellt n\u00e4tverk. <\/p>\n<p class=\"hyperion-css-1v9qo5x\">Polisen vill inte kommentera \u00e5ldern p\u00e5 personen som frihetsber\u00f6vats. Man kan inte heller svara p\u00e5 om n\u00e5gon befann sig i bostaden n\u00e4r skotten avlossades.<\/p>\n<p class=\"hyperion-css-1v9qo5x\">H\u00e4ndelsen rubriceras just nu som grovt olaga hot och grovt brott mot vapenlagen.<\/p>\n","protected":false},"excerpt":{"rendered":"Uppdaterad 10.51 | Publicerad 10.50 share-arrowDela unsaveSpara expand-left helsk\u00e4rm Foto: Anders Wiklund\/TT 13-\u00e5ringen skulle f\u00e5 pengar f\u00f6r att&hellip;\n","protected":false},"author":2,"featured_media":131499,"comment_status":"","ping_status":"","sticky":false,"template":"","format":"standard","meta":{"footnotes":""},"categories":[5],"tags":[22,23,26,27,17,21,24,25,28,29,15,16,18,34,31,33,32,30,19,20],"class_list":{"0":"post-131498","1":"post","2":"type-post","3":"status-publish","4":"format-standard","5":"has-post-thumbnail","7":"category-rubriker","8":"tag-breaking-news","9":"tag-breakingnews","10":"tag-featured-news","11":"tag-featurednews","12":"tag-headlines","13":"tag-huvudnyheter","14":"tag-latest-news","15":"tag-latestnews","16":"tag-main-news","17":"tag-mainnews","18":"tag-news","19":"tag-nyheter","20":"tag-rubriker","21":"tag-se","22":"tag-svenska","23":"tag-sverige","24":"tag-sweden","25":"tag-swedish","26":"tag-top-stories","27":"tag-topstories"},"share_on_mastodon":{"url":"https:\/\/pubeurope.com\/@se\/115870944639530117","error":""},"_links":{"self":[{"href":"https:\/\/www.europesays.com\/se\/wp-json\/wp\/v2\/posts\/131498","targetHints":{"allow":["GET"]}}],"collection":[{"href":"https:\/\/www.europesays.com\/se\/wp-json\/wp\/v2\/posts"}],"about":[{"href":"https:\/\/www.europesays.com\/se\/wp-json\/wp\/v2\/types\/post"}],"author":[{"embeddable":true,"href":"https:\/\/www.europesays.com\/se\/wp-json\/wp\/v2\/users\/2"}],"replies":[{"embeddable":true,"href":"https:\/\/www.europesays.com\/se\/wp-json\/wp\/v2\/comments?post=131498"}],"version-history":[{"count":0,"href":"https:\/\/www.europesays.com\/se\/wp-json\/wp\/v2\/posts\/131498\/revisions"}],"wp:featuredmedia":[{"embeddable":true,"href":"https:\/\/www.europesays.com\/se\/wp-json\/wp\/v2\/media\/131499"}],"wp:attachment":[{"href":"https:\/\/www.europesays.com\/se\/wp-json\/wp\/v2\/media?parent=131498"}],"wp:term":[{"taxonomy":"category","embeddable":true,"href":"https:\/\/www.europesays.com\/se\/wp-json\/wp\/v2\/categories?post=131498"},{"taxonomy":"post_tag","embeddable":true,"href":"https:\/\/www.europesays.com\/se\/wp-json\/wp\/v2\/tags?post=131498"}],"curies":[{"name":"wp","href":"https:\/\/api.w.org\/{rel}","templated":true}]}}