{"id":131509,"date":"2026-01-10T13:14:06","date_gmt":"2026-01-10T13:14:06","guid":{"rendered":"https:\/\/www.europesays.com\/se\/131509\/"},"modified":"2026-01-10T13:14:06","modified_gmt":"2026-01-10T13:14:06","slug":"i-minnenas-hus-av-yael-van-der-wouden","status":"publish","type":"post","link":"https:\/\/www.europesays.com\/se\/131509\/","title":{"rendered":"\u201dI minnenas hus\u201d av Yael van der Wouden"},"content":{"rendered":"<p>Publicerad 10 jan 2026 kl 14.00<\/p>\n<p>Yael van der Woudens f\u00f6rbjudna passionsdrama har tagit v\u00e4rlden med storm.\u00a0<\/p>\n<p>Martina Montelius blir djupt imponerad av \u201dI minnenas hus\u201d.<\/p>\n<p><img   alt=\"\"\/><\/p>\n<p>Yael van der Wouden \u00e4r f\u00f6rfattare.<\/p>\n<p>Foto: Roosmarijn Broersen \/ Bazar<\/p>\n<p>\u00d6ppna bild i helsk\u00e4rm<\/p>\n<p><strong>RECENSION.<\/strong> Passionen har bara tv\u00e5 ingredienser: den \u00e4r ologisk, och den \u00e4r f\u00f6rbjuden. Det \u00e4r d\u00e4rf\u00f6r v\u00e5r tids svettiga krystande i dokus\u00e5por och p\u00e5 kursg\u00e5rdar med glidmedel och orgasmgarantier \u00e4r s\u00e5 futilt.\u00a0<\/p>\n<p>Nederl\u00e4ndska <strong>Yael van der Woudens<\/strong> succ\u00e9debut \u201dI minnenas hus\u201d vet allt om detta. Det \u00e4r tidigt 1960-tal i n\u00e5got som p\u00e5minner om ett glesare, nederl\u00e4ndskt Gimo. Isabel bor ensam i huset d\u00e4r hon v\u00e4xte upp, nogsamt v\u00e5rdande minnet av sin sedan l\u00e4nge d\u00f6da mamma. S\u00e5 noggrann \u00e4r hon i sina omsorger om barndomshemmet att hon p\u00e5minner om n\u00e5gon som sakta b\u00e4r ett br\u00e4ddfullt k\u00e4rl vatten utan att spilla.\u00a0<\/p>\n<p>Och det \u00e4r kanske vad hon g\u00f6r. N\u00e4r brodern Hendriks flickv\u00e4n Eva kommer f\u00f6r att bo hos Isabel en tid rubbas cirklarna, luften ockuperas av besatthetens eldflugor och Isabels n\u00e4rmast tv\u00e5ngsm\u00e4ssiga inre och yttre ordning kastas \u00f6ver \u00e4nda.\u00a0<\/p>\n<p><img loading=\"lazy\"   alt=\"\"\/>\u00d6ppna bild i helsk\u00e4rm<\/p>\n<p>Det \u00e4r pinsamt hur jag har t\u00f6rstat efter den h\u00e4r sortens passionsskildring, utan att erk\u00e4nna det f\u00f6r mig sj\u00e4lv. H\u00e4nder som r\u00e5kar snudda vid den \u00e5tr\u00e5ddas kropp, men inte f\u00e5r uppt\u00e4cka den, ord med dubbel och trippel inneb\u00f6rd, st\u00e4mningar som rymmer ett enda stort kanske: kanske k\u00e4nner hon som jag, kanske dr\u00f6mmer hon om mig som jag om henne.\u00a0<\/p>\n<p>Lesbisk k\u00e4rlek \u00e4r naturligtvis en ot\u00e4nkbarhet p\u00e5 landsbygden 1961. En o\u00e4ndligt ljuvlig, oemotst\u00e5ndlig ot\u00e4nkbarhet. Men van der Wouden har mer att s\u00e4ga om det outtalbara. Vad handlar den om, den maniska beskyddarinstinkten och h\u00f6gsp\u00e4nda bevakningen av en mor som varit d\u00f6d i 15 \u00e5r?\u00a0<\/p>\n<p>Det eviga finputsandet av hemmet, den h\u00e5rda kontrollen som utmanas av Evas mer frispr\u00e4ttande natur, r\u00e4dslan f\u00f6r att n\u00e5got ska f\u00f6rst\u00f6ras, tas ifr\u00e5n Isabel, st\u00e5 p\u00e5 fel plats. Alltsammans ett slags allegori \u00f6ver n\u00e5got mycket st\u00f6rre. Det ofattbara sveket mot den judiska befolkningen i landets n\u00e4ra historia, det artiga bortseendet fr\u00e5n massd\u00f6den, efterhandskonstruktionerna och l\u00f6gnerna.\u00a0<\/p>\n<blockquote><p>Det \u00e4r ett h\u00f6gt spel.<\/p><\/blockquote>\n<p>H\u00e4r har vi ett helt land som putsat sina porslinsfigurer och ler brett mot var och en som undrar hur det var m\u00f6jligt att st\u00e5 med armarna utmed sidorna n\u00e4r de egna medborgarna utraderades. Det \u00e4r ett h\u00f6gt spel f\u00f6r en f\u00f6rfattare som hade kunnat n\u00f6ja sig med individualpsykologiska bottnar och f\u00f6rbjuden sexualitet; att utstr\u00e4cka sagan till att sp\u00e4nna \u00f6ver en nations f\u00f6rnekelse och neuros inf\u00f6r det som inte g\u00e5r att begripa, och som d\u00e4rf\u00f6r poleras \u00f6ver i en grotesk v\u00e4gran att se vad som ligger i en pysande likh\u00f6g rakt framf\u00f6r oss.\u00a0<\/p>\n<p>Men van der Wouden, k\u00e4nsligt \u00f6versatt av <strong>Manni K\u00f6ssler<\/strong>, lyckas faktiskt. Nyckeln \u00e4r troheten mot Isabels v\u00e5nda. Hon blir mer \u00e4n en symbol f\u00f6r sj\u00e4lvkontrollens st\u00e5lgrimma. I hennes ensamma krig mot f\u00f6rlust och om\u00f6jlighet h\u00f6r jag en alldeles verklig r\u00f6st, blottad i all sin hj\u00e4lpl\u00f6shet och l\u00e4ngtan efter den skr\u00e4mmande friheten.\u00a0<\/p>\n<p>ROMAN<\/p>\n<p>YAEL VAN DER WOUDEN<\/p>\n<p>I minnenas hus<\/p>\n<p>\u00d6vers\u00e4ttning Manni K\u00f6ssler<\/p>\n<p>Bazar, 352 s.<\/p>\n<p>Visa mer<\/p>\n<p>Martina Montelius \u00e4r f\u00f6rfattare, teaterdirekt\u00f6r och medarbetare p\u00e5 Expressens kultursida.\u00a0<\/p>\n","protected":false},"excerpt":{"rendered":"Publicerad 10 jan 2026 kl 14.00 Yael van der Woudens f\u00f6rbjudna passionsdrama har tagit v\u00e4rlden med storm.\u00a0 Martina&hellip;\n","protected":false},"author":2,"featured_media":131510,"comment_status":"","ping_status":"","sticky":false,"template":"","format":"standard","meta":{"footnotes":""},"categories":[67],"tags":[104,4799,34,438,31,33,32,30,1515,105],"class_list":{"0":"post-131509","1":"post","2":"type-post","3":"status-publish","4":"format-standard","5":"has-post-thumbnail","7":"category-underhallning","8":"tag-entertainment","9":"tag-location-nederlanderna","10":"tag-se","11":"tag-sections-bocker","12":"tag-svenska","13":"tag-sverige","14":"tag-sweden","15":"tag-swedish","16":"tag-topic-bokrecensioner","17":"tag-underhallning"},"share_on_mastodon":{"url":"https:\/\/pubeurope.com\/@se\/115870987895300770","error":""},"_links":{"self":[{"href":"https:\/\/www.europesays.com\/se\/wp-json\/wp\/v2\/posts\/131509","targetHints":{"allow":["GET"]}}],"collection":[{"href":"https:\/\/www.europesays.com\/se\/wp-json\/wp\/v2\/posts"}],"about":[{"href":"https:\/\/www.europesays.com\/se\/wp-json\/wp\/v2\/types\/post"}],"author":[{"embeddable":true,"href":"https:\/\/www.europesays.com\/se\/wp-json\/wp\/v2\/users\/2"}],"replies":[{"embeddable":true,"href":"https:\/\/www.europesays.com\/se\/wp-json\/wp\/v2\/comments?post=131509"}],"version-history":[{"count":0,"href":"https:\/\/www.europesays.com\/se\/wp-json\/wp\/v2\/posts\/131509\/revisions"}],"wp:featuredmedia":[{"embeddable":true,"href":"https:\/\/www.europesays.com\/se\/wp-json\/wp\/v2\/media\/131510"}],"wp:attachment":[{"href":"https:\/\/www.europesays.com\/se\/wp-json\/wp\/v2\/media?parent=131509"}],"wp:term":[{"taxonomy":"category","embeddable":true,"href":"https:\/\/www.europesays.com\/se\/wp-json\/wp\/v2\/categories?post=131509"},{"taxonomy":"post_tag","embeddable":true,"href":"https:\/\/www.europesays.com\/se\/wp-json\/wp\/v2\/tags?post=131509"}],"curies":[{"name":"wp","href":"https:\/\/api.w.org\/{rel}","templated":true}]}}