{"id":131511,"date":"2026-01-10T13:17:15","date_gmt":"2026-01-10T13:17:15","guid":{"rendered":"https:\/\/www.europesays.com\/se\/131511\/"},"modified":"2026-01-10T13:17:15","modified_gmt":"2026-01-10T13:17:15","slug":"iranska-regimens-flagga-utbytt-pa-x","status":"publish","type":"post","link":"https:\/\/www.europesays.com\/se\/131511\/","title":{"rendered":"Iranska regimens flagga utbytt p\u00e5 X"},"content":{"rendered":"<p class=\"boxtextgrotesk-root_baa6 hyperion-css-7pajle\">Uppdaterad 13.43 | Publicerad 13.35<\/p>\n<p>share-arrowDela<\/p>\n<p>unsaveSpara<\/p>\n<p>expand-left<\/p>\n<p>helsk\u00e4rm<img decoding=\"async\" class=\"image-asset hyperion-css-u06ts1\" data-test-tag=\"image-asset\" src=\"https:\/\/www.europesays.com\/se\/wp-content\/uploads\/2026\/01\/c6edb115-65b0-4c26-ab98-c2738cc22615.jpeg\"  alt=\"Lejonet och solen \u00e4r en av Irans nationalsymboler, som prydde landets officiella flagga fram till den islamiska revolutionen. Arkivbild.\"  loading=\"eager\" fetchpriority=\"high\" style=\"aspect-ratio:640 \/ 427\"\/>Lejonet och solen \u00e4r en av Irans nationalsymboler, som prydde landets officiella flagga fram till den islamiska revolutionen. Arkivbild. Foto: Damian Dovarganes\/AP\/TT<\/p>\n<p class=\"hyperion-css-1v9qo5x\">Emojin f\u00f6r Irans flagga p\u00e5 plattformen X har ersatts med \u201dLejonet och solen\u201d, nationsflaggan som anv\u00e4ndes f\u00f6re den islamiska revolutionen.<\/p>\n<p class=\"hyperion-css-1v9qo5x\">\u201dGe mig ett par timmar\u201d, skrev X produktchef Nikita Bier i ett inl\u00e4gg p\u00e5 fredagen, som svar p\u00e5 en f\u00f6rfr\u00e5gan fr\u00e5n en X-anv\u00e4ndare om att uppdatera den iranska flaggemojin.<\/p>\n<p class=\"hyperion-css-1v9qo5x\">P\u00e5 l\u00f6rdagen var den islamiska regimens statsvapen borta. I st\u00e4llet prydde emojin, som bland annat det officiella kontot f\u00f6r Irans utrikesdepartement b\u00e4r i sitt namn, det sv\u00e4rdsvingande lejonet och solen.<\/p>\n<p class=\"hyperion-css-1v9qo5x\">Flaggan, som ocks\u00e5 kl\u00e4r i gr\u00f6nt, vitt och r\u00f6tt, var landets officiella innan shahen st\u00f6rtades 1979. Den har blivit en symbol f\u00f6r kampen mot den islamistiska regimen hos m\u00e5nga exiliranier.<\/p>\n","protected":false},"excerpt":{"rendered":"Uppdaterad 13.43 | Publicerad 13.35 share-arrowDela unsaveSpara expand-left helsk\u00e4rmLejonet och solen \u00e4r en av Irans nationalsymboler, som prydde&hellip;\n","protected":false},"author":2,"featured_media":131512,"comment_status":"","ping_status":"","sticky":false,"template":"","format":"standard","meta":{"footnotes":""},"categories":[14],"tags":[22,23,26,27,17,21,24,25,28,29,15,16,18,34,31,33,32,30,19,20,51,52,53,54],"class_list":{"0":"post-131511","1":"post","2":"type-post","3":"status-publish","4":"format-standard","5":"has-post-thumbnail","7":"category-varlden","8":"tag-breaking-news","9":"tag-breakingnews","10":"tag-featured-news","11":"tag-featurednews","12":"tag-headlines","13":"tag-huvudnyheter","14":"tag-latest-news","15":"tag-latestnews","16":"tag-main-news","17":"tag-mainnews","18":"tag-news","19":"tag-nyheter","20":"tag-rubriker","21":"tag-se","22":"tag-svenska","23":"tag-sverige","24":"tag-sweden","25":"tag-swedish","26":"tag-top-stories","27":"tag-topstories","28":"tag-varlden","29":"tag-world","30":"tag-world-news","31":"tag-worldnews"},"share_on_mastodon":{"url":"https:\/\/pubeurope.com\/@se\/115870999689074524","error":""},"_links":{"self":[{"href":"https:\/\/www.europesays.com\/se\/wp-json\/wp\/v2\/posts\/131511","targetHints":{"allow":["GET"]}}],"collection":[{"href":"https:\/\/www.europesays.com\/se\/wp-json\/wp\/v2\/posts"}],"about":[{"href":"https:\/\/www.europesays.com\/se\/wp-json\/wp\/v2\/types\/post"}],"author":[{"embeddable":true,"href":"https:\/\/www.europesays.com\/se\/wp-json\/wp\/v2\/users\/2"}],"replies":[{"embeddable":true,"href":"https:\/\/www.europesays.com\/se\/wp-json\/wp\/v2\/comments?post=131511"}],"version-history":[{"count":0,"href":"https:\/\/www.europesays.com\/se\/wp-json\/wp\/v2\/posts\/131511\/revisions"}],"wp:featuredmedia":[{"embeddable":true,"href":"https:\/\/www.europesays.com\/se\/wp-json\/wp\/v2\/media\/131512"}],"wp:attachment":[{"href":"https:\/\/www.europesays.com\/se\/wp-json\/wp\/v2\/media?parent=131511"}],"wp:term":[{"taxonomy":"category","embeddable":true,"href":"https:\/\/www.europesays.com\/se\/wp-json\/wp\/v2\/categories?post=131511"},{"taxonomy":"post_tag","embeddable":true,"href":"https:\/\/www.europesays.com\/se\/wp-json\/wp\/v2\/tags?post=131511"}],"curies":[{"name":"wp","href":"https:\/\/api.w.org\/{rel}","templated":true}]}}