{"id":131513,"date":"2026-01-10T13:19:06","date_gmt":"2026-01-10T13:19:06","guid":{"rendered":"https:\/\/www.europesays.com\/se\/131513\/"},"modified":"2026-01-10T13:19:06","modified_gmt":"2026-01-10T13:19:06","slug":"bordtennis-truls-moregardh-utspelad-i-kvartsfinalen-i-wtt-champions","status":"publish","type":"post","link":"https:\/\/www.europesays.com\/se\/131513\/","title":{"rendered":"Bordtennis: Truls M\u00f6reg\u00e5rdh utspelad i kvartsfinalen i WTT Champions"},"content":{"rendered":"<p>Jang Woojin tog de tv\u00e5 f\u00f6rsta seten i kvartsfinalen utan n\u00e5gra sv\u00e5righeten. <\/p>\n<p>Det var f\u00f6rst i det tredje setet som Truls M\u00f6reg\u00e5rdh kunde hitta r\u00e4tt och ta hem setet efter en rysare. <\/p>\n<p>Men i det fj\u00e4rde setet var han dock chansl\u00f6s, Woojin tog \u00e5tta raka bollar innan M\u00f6reg\u00e5rdh kunde f\u00e5 till en po\u00e4ng. Sydkoreanen, rankad 18, tog hem det med 11 \u2013 3. <\/p>\n<p>\u2013 Det \u00e4r en av de b\u00e4sta matcherna jag har sett honom spela, s\u00e4ger J-O Waldner om Woojin. <\/p>\n<p>Det femte setet blev j\u00e4mnt och bj\u00f6d p\u00e5 flera fina bollar, men det kom att bli avg\u00f6rande d\u00e5 Woojin v\u00e4nde och vann till 12 \u2013 10. <\/p>\n<p>\u2013 Woojin \u00e4r en v\u00e4rdig vinnare, det \u00e4r inget snack om saken, s\u00e4ger Waldner. <\/p>\n<p>Sydkoreanen besegrade M\u00f6reg\u00e5rdh med 4 \u2013 1 i set. Svensken har d\u00e4rmed spelad f\u00e4rdigt i WTT Champions.<\/p>\n","protected":false},"excerpt":{"rendered":"Jang Woojin tog de tv\u00e5 f\u00f6rsta seten i kvartsfinalen utan n\u00e5gra sv\u00e5righeten. Det var f\u00f6rst i det tredje&hellip;\n","protected":false},"author":2,"featured_media":131514,"comment_status":"","ping_status":"","sticky":false,"template":"","format":"standard","meta":{"footnotes":""},"categories":[5],"tags":[22,23,26,27,17,21,24,25,28,29,15,16,18,34,31,33,32,30,19,20],"class_list":{"0":"post-131513","1":"post","2":"type-post","3":"status-publish","4":"format-standard","5":"has-post-thumbnail","7":"category-rubriker","8":"tag-breaking-news","9":"tag-breakingnews","10":"tag-featured-news","11":"tag-featurednews","12":"tag-headlines","13":"tag-huvudnyheter","14":"tag-latest-news","15":"tag-latestnews","16":"tag-main-news","17":"tag-mainnews","18":"tag-news","19":"tag-nyheter","20":"tag-rubriker","21":"tag-se","22":"tag-svenska","23":"tag-sverige","24":"tag-sweden","25":"tag-swedish","26":"tag-top-stories","27":"tag-topstories"},"share_on_mastodon":{"url":"https:\/\/pubeurope.com\/@se\/115871007515849075","error":""},"_links":{"self":[{"href":"https:\/\/www.europesays.com\/se\/wp-json\/wp\/v2\/posts\/131513","targetHints":{"allow":["GET"]}}],"collection":[{"href":"https:\/\/www.europesays.com\/se\/wp-json\/wp\/v2\/posts"}],"about":[{"href":"https:\/\/www.europesays.com\/se\/wp-json\/wp\/v2\/types\/post"}],"author":[{"embeddable":true,"href":"https:\/\/www.europesays.com\/se\/wp-json\/wp\/v2\/users\/2"}],"replies":[{"embeddable":true,"href":"https:\/\/www.europesays.com\/se\/wp-json\/wp\/v2\/comments?post=131513"}],"version-history":[{"count":0,"href":"https:\/\/www.europesays.com\/se\/wp-json\/wp\/v2\/posts\/131513\/revisions"}],"wp:featuredmedia":[{"embeddable":true,"href":"https:\/\/www.europesays.com\/se\/wp-json\/wp\/v2\/media\/131514"}],"wp:attachment":[{"href":"https:\/\/www.europesays.com\/se\/wp-json\/wp\/v2\/media?parent=131513"}],"wp:term":[{"taxonomy":"category","embeddable":true,"href":"https:\/\/www.europesays.com\/se\/wp-json\/wp\/v2\/categories?post=131513"},{"taxonomy":"post_tag","embeddable":true,"href":"https:\/\/www.europesays.com\/se\/wp-json\/wp\/v2\/tags?post=131513"}],"curies":[{"name":"wp","href":"https:\/\/api.w.org\/{rel}","templated":true}]}}