{"id":131515,"date":"2026-01-10T13:21:07","date_gmt":"2026-01-10T13:21:07","guid":{"rendered":"https:\/\/www.europesays.com\/se\/131515\/"},"modified":"2026-01-10T13:21:07","modified_gmt":"2026-01-10T13:21:07","slug":"jonna-sundling-vinner-sprinten-i-falun-langdskidor","status":"publish","type":"post","link":"https:\/\/www.europesays.com\/se\/131515\/","title":{"rendered":"Jonna Sundling vinner sprinten i Falun | L\u00e4ngdskidor"},"content":{"rendered":"<p>Publicerad 10 jan 2026 kl 12.50Uppdaterad kl 14.20<\/p>\n<p><img   alt=\"\"\/><\/p>\n<p>Jonna Sundling.<\/p>\n<p>Foto: MAXIM THORE \/ BILDBYR\u00c5N<\/p>\n<p>\u00d6ppna bild i helsk\u00e4rm<\/p>\n<p>Linn Svahn och <a href=\"https:\/\/www.expressen.se\/tagg\/person\/jonna-sundling\/\" class=\"\" rel=\"nofollow noopener\" target=\"_blank\">Jonna Sundling<\/a> \u00e4r de st\u00f6rsta stj\u00e4rnorna som t\u00e4vlar i helgens Smart Energy Cup.<\/p>\n<p>B\u00e5da tog sig, som v\u00e4ntat, till final i sprinten.<\/p>\n<p>Och d\u00e4r var de tv\u00e5 superstj\u00e4rnorna i en klass f\u00f6r sig. De skapade tidigt en stor lucka till resten av f\u00e4ltet \u2013 och det var Jonna Sundling som var allra starkast.<\/p>\n<p>Hon tog hem segern precis f\u00f6re Svahn.<\/p>\n<p>\u2013 Det \u00e4r en \u00f6vertygande seger, s\u00e4ger Rickard Olsson i Expressens s\u00e4ndning.<\/p>\n<p>\u2013 Hon \u00e4r alltid b\u00e4st n\u00e4r det g\u00e4ller. Det \u00e4r helt otroligt att se henne \u00e5ka skidor.<\/p>\n<p>Evelina Cr\u00fcsell blev trea.<\/p>\n<p>\u201dVar inte beredd p\u00e5 det\u201d<\/p>\n<p>Linn Svahn var n\u00e5got f\u00f6rv\u00e5nad \u00f6ver det h\u00f6ga tempot.<\/p>\n<p>\u2013 Jonna gick p\u00e5 h\u00e5rt. Jag var inte riktigt beredd p\u00e5 det. Sedan var hon stark i den sista, avg\u00f6rande backen, s\u00e4ger hon i studion efter loppet.<\/p>\n<p>Jonna Sundling svarar, med ett skratt:<\/p>\n<p>\u2013\u00a0Var det s\u00e5 f\u00f6rv\u00e5nande? Ja, kanske.<\/p>\n<p>B\u00e5de Svahn och Sundling \u00e4r uttagna till OS.<\/p>\n<p>\u2013 Jag tycker det \u00e4r j\u00e4ttebra att vi b\u00e5da \u00e4r h\u00e4r och kan pusha varandra, s\u00e4ger Sundling.<\/p>\n","protected":false},"excerpt":{"rendered":"Publicerad 10 jan 2026 kl 12.50Uppdaterad kl 14.20 Jonna Sundling. Foto: MAXIM THORE \/ BILDBYR\u00c5N \u00d6ppna bild i&hellip;\n","protected":false},"author":2,"featured_media":131516,"comment_status":"","ping_status":"","sticky":false,"template":"","format":"standard","meta":{"footnotes":""},"categories":[68],"tags":[3482,4988,34,857,111,110,31,33,32,30],"class_list":{"0":"post-131515","1":"post","2":"type-post","3":"status-publish","4":"format-standard","5":"has-post-thumbnail","7":"category-sport","8":"tag-person-jonna-sundling","9":"tag-person-linn-svahn","10":"tag-se","11":"tag-sections-langdskidor","12":"tag-sport","13":"tag-sports","14":"tag-svenska","15":"tag-sverige","16":"tag-sweden","17":"tag-swedish"},"share_on_mastodon":{"url":"https:\/\/pubeurope.com\/@se\/115871015401203513","error":""},"_links":{"self":[{"href":"https:\/\/www.europesays.com\/se\/wp-json\/wp\/v2\/posts\/131515","targetHints":{"allow":["GET"]}}],"collection":[{"href":"https:\/\/www.europesays.com\/se\/wp-json\/wp\/v2\/posts"}],"about":[{"href":"https:\/\/www.europesays.com\/se\/wp-json\/wp\/v2\/types\/post"}],"author":[{"embeddable":true,"href":"https:\/\/www.europesays.com\/se\/wp-json\/wp\/v2\/users\/2"}],"replies":[{"embeddable":true,"href":"https:\/\/www.europesays.com\/se\/wp-json\/wp\/v2\/comments?post=131515"}],"version-history":[{"count":0,"href":"https:\/\/www.europesays.com\/se\/wp-json\/wp\/v2\/posts\/131515\/revisions"}],"wp:featuredmedia":[{"embeddable":true,"href":"https:\/\/www.europesays.com\/se\/wp-json\/wp\/v2\/media\/131516"}],"wp:attachment":[{"href":"https:\/\/www.europesays.com\/se\/wp-json\/wp\/v2\/media?parent=131515"}],"wp:term":[{"taxonomy":"category","embeddable":true,"href":"https:\/\/www.europesays.com\/se\/wp-json\/wp\/v2\/categories?post=131515"},{"taxonomy":"post_tag","embeddable":true,"href":"https:\/\/www.europesays.com\/se\/wp-json\/wp\/v2\/tags?post=131515"}],"curies":[{"name":"wp","href":"https:\/\/api.w.org\/{rel}","templated":true}]}}