{"id":131519,"date":"2026-01-10T13:27:17","date_gmt":"2026-01-10T13:27:17","guid":{"rendered":"https:\/\/www.europesays.com\/se\/131519\/"},"modified":"2026-01-10T13:27:17","modified_gmt":"2026-01-10T13:27:17","slug":"10-januari-07-47-sammanfattning-natt-sodermanlands-lan","status":"publish","type":"post","link":"https:\/\/www.europesays.com\/se\/131519\/","title":{"rendered":"10 januari 07.47, Sammanfattning natt, S\u00f6dermanlands l\u00e4n"},"content":{"rendered":"<p>Polisens regionledningscentral har mellan klockan 22.00-07.00 hanterat ett 70-tal \u00e4renden som r\u00f6r S\u00f6dermanlands l\u00e4n.<\/p>\n<p>Vid 01-tiden larmas polisen till en bostad i Str\u00e4ngn\u00e4s p\u00e5 grund av en misst\u00e4nkt misshandel. I bostaden antr\u00e4ffas en man och en kvinna som har en relation till varandra och som har br\u00e5kat. Ingen \u00e4r allvarligt skadad. Kvinnan, som \u00e4r i 35-\u00e5rs\u00e5ldern, misst\u00e4nks f\u00f6r misshandel mot mannen, som \u00e4r i 50-\u00e5rs\u00e5ldern.<\/p>\n<p>23.30 antr\u00e4ffas en berusad man i Nyk\u00f6pings centrum bredvid ett trasigt skyltf\u00f6nster. Enligt mannen har han ramlat in i skyltf\u00f6nstret. Ett vaktbolag har t\u00e4ckt skyltf\u00f6nstret, och mannen har inte f\u00e5tt n\u00e5gra skador. Mannen, som \u00e4r i 18-\u00e5rs\u00e5ldern, misst\u00e4nks f\u00f6r skadeg\u00f6relse och ringa narkotikabrott eget bruk. Han omh\u00e4ndertas enligt LOB (lagen om omh\u00e4ndertagande av berusade personer) och f\u00e5r f\u00f6lja med patrullen till polisstationen.<\/p>\n<p>Vid 23.30-tiden larmas polisen om busk\u00f6rning i Ving\u00e5ker centrum. Polis g\u00f6r en kontroll av platsen och antr\u00e4ffar en ung person i en EPA som inte misst\u00e4nks f\u00f6r n\u00e5got brott. Polisen har cirkulerat i Ving\u00e5ker men inte antr\u00e4ffat n\u00e5got avvikande eller brottsligt.\u00a0<\/p>\n","protected":false},"excerpt":{"rendered":"Polisens regionledningscentral har mellan klockan 22.00-07.00 hanterat ett 70-tal \u00e4renden som r\u00f6r S\u00f6dermanlands l\u00e4n. Vid 01-tiden larmas polisen&hellip;\n","protected":false},"author":2,"featured_media":54,"comment_status":"","ping_status":"","sticky":false,"template":"","format":"standard","meta":{"footnotes":""},"categories":[5],"tags":[22,23,26,27,17,21,24,25,28,29,15,16,18,34,31,33,32,30,19,20],"class_list":{"0":"post-131519","1":"post","2":"type-post","3":"status-publish","4":"format-standard","5":"has-post-thumbnail","7":"category-rubriker","8":"tag-breaking-news","9":"tag-breakingnews","10":"tag-featured-news","11":"tag-featurednews","12":"tag-headlines","13":"tag-huvudnyheter","14":"tag-latest-news","15":"tag-latestnews","16":"tag-main-news","17":"tag-mainnews","18":"tag-news","19":"tag-nyheter","20":"tag-rubriker","21":"tag-se","22":"tag-svenska","23":"tag-sverige","24":"tag-sweden","25":"tag-swedish","26":"tag-top-stories","27":"tag-topstories"},"share_on_mastodon":{"url":"https:\/\/pubeurope.com\/@se\/115871039025819501","error":""},"_links":{"self":[{"href":"https:\/\/www.europesays.com\/se\/wp-json\/wp\/v2\/posts\/131519","targetHints":{"allow":["GET"]}}],"collection":[{"href":"https:\/\/www.europesays.com\/se\/wp-json\/wp\/v2\/posts"}],"about":[{"href":"https:\/\/www.europesays.com\/se\/wp-json\/wp\/v2\/types\/post"}],"author":[{"embeddable":true,"href":"https:\/\/www.europesays.com\/se\/wp-json\/wp\/v2\/users\/2"}],"replies":[{"embeddable":true,"href":"https:\/\/www.europesays.com\/se\/wp-json\/wp\/v2\/comments?post=131519"}],"version-history":[{"count":0,"href":"https:\/\/www.europesays.com\/se\/wp-json\/wp\/v2\/posts\/131519\/revisions"}],"wp:featuredmedia":[{"embeddable":true,"href":"https:\/\/www.europesays.com\/se\/wp-json\/wp\/v2\/media\/54"}],"wp:attachment":[{"href":"https:\/\/www.europesays.com\/se\/wp-json\/wp\/v2\/media?parent=131519"}],"wp:term":[{"taxonomy":"category","embeddable":true,"href":"https:\/\/www.europesays.com\/se\/wp-json\/wp\/v2\/categories?post=131519"},{"taxonomy":"post_tag","embeddable":true,"href":"https:\/\/www.europesays.com\/se\/wp-json\/wp\/v2\/tags?post=131519"}],"curies":[{"name":"wp","href":"https:\/\/api.w.org\/{rel}","templated":true}]}}