{"id":131527,"date":"2026-01-10T13:41:07","date_gmt":"2026-01-10T13:41:07","guid":{"rendered":"https:\/\/www.europesays.com\/se\/131527\/"},"modified":"2026-01-10T13:41:07","modified_gmt":"2026-01-10T13:41:07","slug":"regeringen-pratar-om-att-avsatta-khamenei","status":"publish","type":"post","link":"https:\/\/www.europesays.com\/se\/131527\/","title":{"rendered":"Regeringen pratar om att avs\u00e4tta Khamenei"},"content":{"rendered":"<p>Delar av den iranska regeringen \u00f6verv\u00e4ger att avs\u00e4tta ayatolla Ali Khamenei. Det h\u00e4vdar den iranska diaspora-aktivisten Negin Shiraghaei i en intervju med Sky News. <\/p>\n<p>\u2013 M\u00e5nga av mina k\u00e4llor, som \u00e4r n\u00e4ra regeringen, pratar f\u00f6r f\u00f6rsta g\u00e5ngen om att den h\u00f6gsta ledaren m\u00e5ste bort, s\u00e4ger hon.<\/p>\n<p>Iran skakas sedan \u00e5rsskiftet av protester mot regeringen som spridit sig till hela landet. Regeringen har svarat med d\u00f6dligt v\u00e5ld. N\u00e4stan all kommunikation med omv\u00e4rlden har skurits av efter att internet st\u00e4ngdes ned p\u00e5 torsdagen.<\/p>\n<p>Omni \u00e4r politiskt obundna och oberoende. Vi str\u00e4var efter att ge fler perspektiv p\u00e5 nyheterna. Har du fr\u00e5gor eller synpunkter kring v\u00e5r rapportering? <a href=\"https:\/\/omni.se\/aktivisten-regeringen-pratar-om-att-avsatta-khamenei\/a\/mailto:redaktion@omni.se\" class=\"ArticleActions_contactLink__W2F1M\" rel=\"nofollow noopener\" target=\"_blank\">Kontakta redaktionen<\/a><\/p>\n","protected":false},"excerpt":{"rendered":"Delar av den iranska regeringen \u00f6verv\u00e4ger att avs\u00e4tta ayatolla Ali Khamenei. Det h\u00e4vdar den iranska diaspora-aktivisten Negin Shiraghaei&hellip;\n","protected":false},"author":2,"featured_media":131528,"comment_status":"","ping_status":"","sticky":false,"template":"","format":"standard","meta":{"footnotes":""},"categories":[14],"tags":[13453,22,23,26,27,17,21,1530,12895,24,25,28,29,124,15,16,18,34,31,33,32,30,19,20,51,52,53,54],"class_list":{"0":"post-131527","1":"post","2":"type-post","3":"status-publish","4":"format-standard","5":"has-post-thumbnail","7":"category-varlden","8":"tag-ayatolla-ali-khamenei","9":"tag-breaking-news","10":"tag-breakingnews","11":"tag-featured-news","12":"tag-featurednews","13":"tag-headlines","14":"tag-huvudnyheter","15":"tag-iran","16":"tag-iransk-politik","17":"tag-latest-news","18":"tag-latestnews","19":"tag-main-news","20":"tag-mainnews","21":"tag-mellanostern","22":"tag-news","23":"tag-nyheter","24":"tag-rubriker","25":"tag-se","26":"tag-svenska","27":"tag-sverige","28":"tag-sweden","29":"tag-swedish","30":"tag-top-stories","31":"tag-topstories","32":"tag-varlden","33":"tag-world","34":"tag-world-news","35":"tag-worldnews"},"share_on_mastodon":{"url":"https:\/\/pubeurope.com\/@se\/115871094058092202","error":""},"_links":{"self":[{"href":"https:\/\/www.europesays.com\/se\/wp-json\/wp\/v2\/posts\/131527","targetHints":{"allow":["GET"]}}],"collection":[{"href":"https:\/\/www.europesays.com\/se\/wp-json\/wp\/v2\/posts"}],"about":[{"href":"https:\/\/www.europesays.com\/se\/wp-json\/wp\/v2\/types\/post"}],"author":[{"embeddable":true,"href":"https:\/\/www.europesays.com\/se\/wp-json\/wp\/v2\/users\/2"}],"replies":[{"embeddable":true,"href":"https:\/\/www.europesays.com\/se\/wp-json\/wp\/v2\/comments?post=131527"}],"version-history":[{"count":0,"href":"https:\/\/www.europesays.com\/se\/wp-json\/wp\/v2\/posts\/131527\/revisions"}],"wp:featuredmedia":[{"embeddable":true,"href":"https:\/\/www.europesays.com\/se\/wp-json\/wp\/v2\/media\/131528"}],"wp:attachment":[{"href":"https:\/\/www.europesays.com\/se\/wp-json\/wp\/v2\/media?parent=131527"}],"wp:term":[{"taxonomy":"category","embeddable":true,"href":"https:\/\/www.europesays.com\/se\/wp-json\/wp\/v2\/categories?post=131527"},{"taxonomy":"post_tag","embeddable":true,"href":"https:\/\/www.europesays.com\/se\/wp-json\/wp\/v2\/tags?post=131527"}],"curies":[{"name":"wp","href":"https:\/\/api.w.org\/{rel}","templated":true}]}}