{"id":131533,"date":"2026-01-10T13:49:09","date_gmt":"2026-01-10T13:49:09","guid":{"rendered":"https:\/\/www.europesays.com\/se\/131533\/"},"modified":"2026-01-10T13:49:09","modified_gmt":"2026-01-10T13:49:09","slug":"dodsfall-ledde-till-australiens-aldersgrans-for-sociala-medier-nu-oroas-techjattar-att-lagen-ska-spridas-till-andra-lander","status":"publish","type":"post","link":"https:\/\/www.europesays.com\/se\/131533\/","title":{"rendered":"D\u00f6dsfall ledde till Australiens \u00e5ldersgr\u00e4ns f\u00f6r sociala medier \u2013 nu oroas techj\u00e4ttar att lagen ska spridas till andra l\u00e4nder"},"content":{"rendered":"<p><strong>SYDNEY<\/strong>. I november 2024 tog Matt och Kelly O\u2019Brien med sig en teddybj\u00f6rn till parlamentet i Canberra. En teddybj\u00f6rn inneh\u00e5llande dottern Charlottes aska. De bar ocks\u00e5 med sig ett brev. Charlottes sista \u00f6nskan. Att inget barn skulle beh\u00f6va uppleva s\u00e5dan n\u00e4tmobbning som hon gjort.<\/p>\n<p>Tv\u00e5 veckor senare klubbade Australien igenom en 16-\u00e5rsgr\u00e4ns f\u00f6r sociala medier, med \u00f6verv\u00e4ldigande majoritet i b\u00e5de \u00f6ver- och underhuset.<\/p>\n","protected":false},"excerpt":{"rendered":"SYDNEY. I november 2024 tog Matt och Kelly O\u2019Brien med sig en teddybj\u00f6rn till parlamentet i Canberra. En&hellip;\n","protected":false},"author":2,"featured_media":131534,"comment_status":"","ping_status":"","sticky":false,"template":"","format":"standard","meta":{"footnotes":""},"categories":[14],"tags":[22,23,26,27,17,21,24,25,28,29,15,16,18,34,31,33,32,30,19,20,51,52,53,54],"class_list":{"0":"post-131533","1":"post","2":"type-post","3":"status-publish","4":"format-standard","5":"has-post-thumbnail","7":"category-varlden","8":"tag-breaking-news","9":"tag-breakingnews","10":"tag-featured-news","11":"tag-featurednews","12":"tag-headlines","13":"tag-huvudnyheter","14":"tag-latest-news","15":"tag-latestnews","16":"tag-main-news","17":"tag-mainnews","18":"tag-news","19":"tag-nyheter","20":"tag-rubriker","21":"tag-se","22":"tag-svenska","23":"tag-sverige","24":"tag-sweden","25":"tag-swedish","26":"tag-top-stories","27":"tag-topstories","28":"tag-varlden","29":"tag-world","30":"tag-world-news","31":"tag-worldnews"},"share_on_mastodon":{"url":"https:\/\/pubeurope.com\/@se\/115871125502436149","error":""},"_links":{"self":[{"href":"https:\/\/www.europesays.com\/se\/wp-json\/wp\/v2\/posts\/131533","targetHints":{"allow":["GET"]}}],"collection":[{"href":"https:\/\/www.europesays.com\/se\/wp-json\/wp\/v2\/posts"}],"about":[{"href":"https:\/\/www.europesays.com\/se\/wp-json\/wp\/v2\/types\/post"}],"author":[{"embeddable":true,"href":"https:\/\/www.europesays.com\/se\/wp-json\/wp\/v2\/users\/2"}],"replies":[{"embeddable":true,"href":"https:\/\/www.europesays.com\/se\/wp-json\/wp\/v2\/comments?post=131533"}],"version-history":[{"count":0,"href":"https:\/\/www.europesays.com\/se\/wp-json\/wp\/v2\/posts\/131533\/revisions"}],"wp:featuredmedia":[{"embeddable":true,"href":"https:\/\/www.europesays.com\/se\/wp-json\/wp\/v2\/media\/131534"}],"wp:attachment":[{"href":"https:\/\/www.europesays.com\/se\/wp-json\/wp\/v2\/media?parent=131533"}],"wp:term":[{"taxonomy":"category","embeddable":true,"href":"https:\/\/www.europesays.com\/se\/wp-json\/wp\/v2\/categories?post=131533"},{"taxonomy":"post_tag","embeddable":true,"href":"https:\/\/www.europesays.com\/se\/wp-json\/wp\/v2\/tags?post=131533"}],"curies":[{"name":"wp","href":"https:\/\/api.w.org\/{rel}","templated":true}]}}