{"id":131539,"date":"2026-01-10T13:59:07","date_gmt":"2026-01-10T13:59:07","guid":{"rendered":"https:\/\/www.europesays.com\/se\/131539\/"},"modified":"2026-01-10T13:59:07","modified_gmt":"2026-01-10T13:59:07","slug":"flera-viltolyckor-i-norrbotten-under-lordagen","status":"publish","type":"post","link":"https:\/\/www.europesays.com\/se\/131539\/","title":{"rendered":"Flera viltolyckor i Norrbotten under l\u00f6rdagen"},"content":{"rendered":"<p>Polisen i Norrbotten fick under l\u00f6rdagsf\u00f6rmiddagen \u00e5tskilliga samtal fr\u00e5n personer som kolliderat med vilt runt om i l\u00e4net.<\/p>\n<p>Bland annat i Bergfors, Kiruna d\u00e4r en bil kolliderade med \u00e4lg, p\u00e5 l\u00e4nsv\u00e4g 805 Jokkmokk d\u00e4r en l\u00e4tt lastbil kolliderade med en \u00e4lg och i \u00d6vre Soppero, Kiruna d\u00e4r en bil kolliderade med ren. Ingen av olyckorna orsakade dock personskador. <\/p>\n<p>Ta varningsskyltar p\u00e5 allvar<\/p>\n<p>Polisen uppmanar nu trafikanter att ta varningsskyltar f\u00f6r vilt p\u00e5 allvar och att vara s\u00e4rskilt uppm\u00e4rksam i gryning och skymning.<\/p>\n","protected":false},"excerpt":{"rendered":"Polisen i Norrbotten fick under l\u00f6rdagsf\u00f6rmiddagen \u00e5tskilliga samtal fr\u00e5n personer som kolliderat med vilt runt om i l\u00e4net.&hellip;\n","protected":false},"author":2,"featured_media":793,"comment_status":"","ping_status":"","sticky":false,"template":"","format":"standard","meta":{"footnotes":""},"categories":[5],"tags":[22,23,26,27,17,21,24,25,28,29,15,16,18,34,31,33,32,30,19,20],"class_list":{"0":"post-131539","1":"post","2":"type-post","3":"status-publish","4":"format-standard","5":"has-post-thumbnail","7":"category-rubriker","8":"tag-breaking-news","9":"tag-breakingnews","10":"tag-featured-news","11":"tag-featurednews","12":"tag-headlines","13":"tag-huvudnyheter","14":"tag-latest-news","15":"tag-latestnews","16":"tag-main-news","17":"tag-mainnews","18":"tag-news","19":"tag-nyheter","20":"tag-rubriker","21":"tag-se","22":"tag-svenska","23":"tag-sverige","24":"tag-sweden","25":"tag-swedish","26":"tag-top-stories","27":"tag-topstories"},"share_on_mastodon":{"url":"https:\/\/pubeurope.com\/@se\/115871164794956123","error":""},"_links":{"self":[{"href":"https:\/\/www.europesays.com\/se\/wp-json\/wp\/v2\/posts\/131539","targetHints":{"allow":["GET"]}}],"collection":[{"href":"https:\/\/www.europesays.com\/se\/wp-json\/wp\/v2\/posts"}],"about":[{"href":"https:\/\/www.europesays.com\/se\/wp-json\/wp\/v2\/types\/post"}],"author":[{"embeddable":true,"href":"https:\/\/www.europesays.com\/se\/wp-json\/wp\/v2\/users\/2"}],"replies":[{"embeddable":true,"href":"https:\/\/www.europesays.com\/se\/wp-json\/wp\/v2\/comments?post=131539"}],"version-history":[{"count":0,"href":"https:\/\/www.europesays.com\/se\/wp-json\/wp\/v2\/posts\/131539\/revisions"}],"wp:featuredmedia":[{"embeddable":true,"href":"https:\/\/www.europesays.com\/se\/wp-json\/wp\/v2\/media\/793"}],"wp:attachment":[{"href":"https:\/\/www.europesays.com\/se\/wp-json\/wp\/v2\/media?parent=131539"}],"wp:term":[{"taxonomy":"category","embeddable":true,"href":"https:\/\/www.europesays.com\/se\/wp-json\/wp\/v2\/categories?post=131539"},{"taxonomy":"post_tag","embeddable":true,"href":"https:\/\/www.europesays.com\/se\/wp-json\/wp\/v2\/tags?post=131539"}],"curies":[{"name":"wp","href":"https:\/\/api.w.org\/{rel}","templated":true}]}}