{"id":131540,"date":"2026-01-10T14:02:06","date_gmt":"2026-01-10T14:02:06","guid":{"rendered":"https:\/\/www.europesays.com\/se\/131540\/"},"modified":"2026-01-10T14:02:06","modified_gmt":"2026-01-10T14:02:06","slug":"jag-har-aldrig-varit-sa-nervos","status":"publish","type":"post","link":"https:\/\/www.europesays.com\/se\/131540\/","title":{"rendered":"\u201dJag har aldrig varit s\u00e5 nerv\u00f6s\u201d"},"content":{"rendered":"<p>Den norska stj\u00e4rnregiss\u00f6ren Joachim Trier pratar om sina k\u00e4nslor efter megasucc\u00e9n med \u201dSentimental value\u201d. Filmen, som har svenska Stellan Skarsg\u00e5rd i huvudrollen, \u00e4r Norges Oscarsbidrag. <\/p>\n<p>I en intervju med The Hollywood Reporter s\u00e4ger Trier att han var orolig f\u00f6r att filmens tematik skulle anses vara tr\u00e5kig och att den \u201dcoola publiken\u201d inte skulle tycka om den.<\/p>\n<p>\u2013 Jag var mer nerv\u00f6s n\u00e4r jag gjorde den h\u00e4r filmen \u00e4n n\u00e5gonsin tidigare, s\u00e4ger han. <\/p>\n<p>\u201dSentimental value\u201d har hyllats stort av kritiker, och p\u00e5 filmsajten Rotten Tomatoes har filmen hela 97 procent positiva omd\u00f6men. Trots det s\u00e4ger regiss\u00f6ren att han har f\u00e5tt h\u00f6ra att vissa kritiker tycker att filmen \u00e4r \u201df\u00f6r k\u00e4nslosam\u201d. <\/p>\n<p>\u2013 Jag l\u00e4ser inte recensioner i n\u00e5gon st\u00f6rre utstr\u00e4ckning. Jag f\u00e5r dem granskade \u00e5t mig. F\u00f6r om jag l\u00e4ser b\u00f6rjar jag bara att fokusera p\u00e5 det negativa, till\u00e4gger han. <\/p>\n<p>L\u00e4s hela intervjun via l\u00e4nken nedan.<\/p>\n<p>Under rubriken \u201dIntervjuer\u201d rekommenderar Omni-redaktionen under helgen n\u00e5gra intressanta intervjuer med personer fr\u00e5n flera vitt skilda branscher.<\/p>\n<p>Svepen \u00e4r en del av Omnis helgsatsning med rekommendationer p\u00e5 l\u00e4sv\u00e4rda, aktuella och intressanta recensioner och intervjuer som publiceras varje helg. <\/p>\n<p>Omni \u00e4r politiskt obundna och oberoende. Vi str\u00e4var efter att ge fler perspektiv p\u00e5 nyheterna. Har du fr\u00e5gor eller synpunkter kring v\u00e5r rapportering? <a href=\"https:\/\/omni.se\/joachim-trier-efter-hyllade-filmen-jag-har-aldrig-varit-sa-nervos\/a\/mailto:redaktion@omni.se\" class=\"ArticleActions_contactLink__W2F1M\" rel=\"nofollow noopener\" target=\"_blank\">Kontakta redaktionen<\/a><\/p>\n","protected":false},"excerpt":{"rendered":"Den norska stj\u00e4rnregiss\u00f6ren Joachim Trier pratar om sina k\u00e4nslor efter megasucc\u00e9n med \u201dSentimental value\u201d. Filmen, som har svenska&hellip;\n","protected":false},"author":2,"featured_media":131541,"comment_status":"","ping_status":"","sticky":false,"template":"","format":"standard","meta":{"footnotes":""},"categories":[67],"tags":[104,903,270,5598,34,3803,31,33,32,30,105],"class_list":{"0":"post-131540","1":"post","2":"type-post","3":"status-publish","4":"format-standard","5":"has-post-thumbnail","7":"category-underhallning","8":"tag-entertainment","9":"tag-film","10":"tag-helg","11":"tag-joachim-trier","12":"tag-se","13":"tag-stellan-skarsgard","14":"tag-svenska","15":"tag-sverige","16":"tag-sweden","17":"tag-swedish","18":"tag-underhallning"},"share_on_mastodon":{"url":"https:\/\/pubeurope.com\/@se\/115871176605131469","error":""},"_links":{"self":[{"href":"https:\/\/www.europesays.com\/se\/wp-json\/wp\/v2\/posts\/131540","targetHints":{"allow":["GET"]}}],"collection":[{"href":"https:\/\/www.europesays.com\/se\/wp-json\/wp\/v2\/posts"}],"about":[{"href":"https:\/\/www.europesays.com\/se\/wp-json\/wp\/v2\/types\/post"}],"author":[{"embeddable":true,"href":"https:\/\/www.europesays.com\/se\/wp-json\/wp\/v2\/users\/2"}],"replies":[{"embeddable":true,"href":"https:\/\/www.europesays.com\/se\/wp-json\/wp\/v2\/comments?post=131540"}],"version-history":[{"count":0,"href":"https:\/\/www.europesays.com\/se\/wp-json\/wp\/v2\/posts\/131540\/revisions"}],"wp:featuredmedia":[{"embeddable":true,"href":"https:\/\/www.europesays.com\/se\/wp-json\/wp\/v2\/media\/131541"}],"wp:attachment":[{"href":"https:\/\/www.europesays.com\/se\/wp-json\/wp\/v2\/media?parent=131540"}],"wp:term":[{"taxonomy":"category","embeddable":true,"href":"https:\/\/www.europesays.com\/se\/wp-json\/wp\/v2\/categories?post=131540"},{"taxonomy":"post_tag","embeddable":true,"href":"https:\/\/www.europesays.com\/se\/wp-json\/wp\/v2\/tags?post=131540"}],"curies":[{"name":"wp","href":"https:\/\/api.w.org\/{rel}","templated":true}]}}