{"id":131542,"date":"2026-01-10T14:07:19","date_gmt":"2026-01-10T14:07:19","guid":{"rendered":"https:\/\/www.europesays.com\/se\/131542\/"},"modified":"2026-01-10T14:07:19","modified_gmt":"2026-01-10T14:07:19","slug":"misstankt-i-moskemordet-gripen-i-kairo-nerikes-allehanda","status":"publish","type":"post","link":"https:\/\/www.europesays.com\/se\/131542\/","title":{"rendered":"Misst\u00e4nkt i mosk\u00e9mordet \u2013 gripen i Kairo \u2013 Nerikes Allehanda"},"content":{"rendered":"<p>En 23-\u00e5rig g\u00e4ngledare i Baronbackarna har gripits i Kairo efter att under en tid varit internationellt efterlyst. <\/p>\n<p>Mannen misst\u00e4nks ha beordrat mordet vid mosk\u00e9n i Vivalla i somras. <\/p>\n<p>\u2013 Han greps av polisen i Egypten och vi har lyckats f\u00e5 honom utl\u00e4mnad till Sverige, s\u00e4ger Mats Ihlbom, \u00e5klagare.<\/p>\n<p>Det var i s\u00f6ndags som Interpol i Kairo meddelade att mannen hade gripits. I ett pressmeddelande skriver polisen att 23-\u00e5ringen har varit \u201dinternationellt efterlyst p\u00e5 en s\u00e5 kallad r\u00f6d Interpolnotis och h\u00e4ktad i sin utevaro.\u201d<\/p>\n<p>Tekniskt fel<\/p>\n<p class=\"message__text txt-ui txt-ui-2\">V\u00e4nligen f\u00f6rs\u00f6k igen senare.<\/p>\n<p>Den h\u00e4r artikeln \u00e4r bara f\u00f6r prenumeranter<\/p>\n<p class=\"txt-body txt-body-1\">Om du redan \u00e4r prenumerant: logga in!<\/p>\n","protected":false},"excerpt":{"rendered":"En 23-\u00e5rig g\u00e4ngledare i Baronbackarna har gripits i Kairo efter att under en tid varit internationellt efterlyst. Mannen&hellip;\n","protected":false},"author":2,"featured_media":131543,"comment_status":"","ping_status":"","sticky":false,"template":"","format":"standard","meta":{"footnotes":""},"categories":[5],"tags":[22,23,26,27,17,21,24,25,28,29,15,16,18,34,31,33,32,30,19,20],"class_list":{"0":"post-131542","1":"post","2":"type-post","3":"status-publish","4":"format-standard","5":"has-post-thumbnail","7":"category-rubriker","8":"tag-breaking-news","9":"tag-breakingnews","10":"tag-featured-news","11":"tag-featurednews","12":"tag-headlines","13":"tag-huvudnyheter","14":"tag-latest-news","15":"tag-latestnews","16":"tag-main-news","17":"tag-mainnews","18":"tag-news","19":"tag-nyheter","20":"tag-rubriker","21":"tag-se","22":"tag-svenska","23":"tag-sverige","24":"tag-sweden","25":"tag-swedish","26":"tag-top-stories","27":"tag-topstories"},"share_on_mastodon":{"url":"https:\/\/pubeurope.com\/@se\/115871196308567494","error":""},"_links":{"self":[{"href":"https:\/\/www.europesays.com\/se\/wp-json\/wp\/v2\/posts\/131542","targetHints":{"allow":["GET"]}}],"collection":[{"href":"https:\/\/www.europesays.com\/se\/wp-json\/wp\/v2\/posts"}],"about":[{"href":"https:\/\/www.europesays.com\/se\/wp-json\/wp\/v2\/types\/post"}],"author":[{"embeddable":true,"href":"https:\/\/www.europesays.com\/se\/wp-json\/wp\/v2\/users\/2"}],"replies":[{"embeddable":true,"href":"https:\/\/www.europesays.com\/se\/wp-json\/wp\/v2\/comments?post=131542"}],"version-history":[{"count":0,"href":"https:\/\/www.europesays.com\/se\/wp-json\/wp\/v2\/posts\/131542\/revisions"}],"wp:featuredmedia":[{"embeddable":true,"href":"https:\/\/www.europesays.com\/se\/wp-json\/wp\/v2\/media\/131543"}],"wp:attachment":[{"href":"https:\/\/www.europesays.com\/se\/wp-json\/wp\/v2\/media?parent=131542"}],"wp:term":[{"taxonomy":"category","embeddable":true,"href":"https:\/\/www.europesays.com\/se\/wp-json\/wp\/v2\/categories?post=131542"},{"taxonomy":"post_tag","embeddable":true,"href":"https:\/\/www.europesays.com\/se\/wp-json\/wp\/v2\/tags?post=131542"}],"curies":[{"name":"wp","href":"https:\/\/api.w.org\/{rel}","templated":true}]}}