{"id":131549,"date":"2026-01-10T14:15:12","date_gmt":"2026-01-10T14:15:12","guid":{"rendered":"https:\/\/www.europesays.com\/se\/131549\/"},"modified":"2026-01-10T14:15:12","modified_gmt":"2026-01-10T14:15:12","slug":"sveriges-droghyckleri-vet-inga-granser-flamman","status":"publish","type":"post","link":"https:\/\/www.europesays.com\/se\/131549\/","title":{"rendered":"Sveriges droghyckleri vet inga gr\u00e4nser &#8211; Flamman"},"content":{"rendered":"<ol>\n<li><a href=\"https:\/\/news.google.com\/rss\/articles\/CBMib0FVX3lxTE1nMXJ0SDlJWHRuQlpudlMwT3cxa2JYTlg0ZEhvSktYZl9PcE5YMWM0VkNzNDJ4NVFXRFJYVE5TUjIwckRLOEY0dUcwUGJ6cVNoQktlZzB3MUhYZk9NODliUHotWVAxQTZCOFRYZ3JLOA?oc=5\" target=\"_blank\" rel=\"nofollow noopener\">Sveriges droghyckleri vet inga gr\u00e4nser<\/a>&nbsp;&nbsp;Flamman<\/li>\n<li><a href=\"https:\/\/news.google.com\/rss\/articles\/CBMipwFBVV95cUxOOXF6T0VvcGRzSWk3Uy03OXlkVzZ2VEU5emQyazhtTk9CU1BhVFVQWTFWTWFyaFV5TWNESjZLWW5WWkZ3MnB6UlNKdTNhNS1JelNTTzRkaDhyOHliOGs4Qm5QNXVWY0s0aTBELXRsa2FyNmtodnBJNGN3eVVDVkduU3ZHYTNpX25vbXlHajM0WHNacHBBbUliRlhTb1V3Q3E0OUREUEhTaw?oc=5\" target=\"_blank\" rel=\"nofollow noopener\">Nya uppgifter om SD-kvinnan: Snabbtester visade narkotikap\u00e5verkan<\/a>&nbsp;&nbsp;Aftonbladet<\/li>\n<li><a href=\"https:\/\/news.google.com\/rss\/articles\/CBMie0FVX3lxTFBCZmpvS05xRU9PaHNONDd3R0ljUVQ1ME1sajcteDFjUlNsWHYwa1hNTUNadlYyY252NlVkWHp6Y3VBVGpVWDl4bTZONkV5Mi1PRWdaUmVVeHBicmp6UmJlbWpUTHBhTUZHV2FXencwU2gyU1VCblBMTm5HRQ?oc=5\" target=\"_blank\" rel=\"nofollow noopener\">Politiker misst\u00e4nkt f\u00f6r brott<\/a>&nbsp;&nbsp;8 Sidor<\/li>\n<li><a href=\"https:\/\/news.google.com\/rss\/articles\/CBMioAFBVV95cUxPOEtEOVhkeHo5Vk9xanp1a0gzOUk2bnZwaVdaMHhnejczenVaMkRxOHBFRF94cFJBdy1FOGpYYkxXT2Nfek83TFQ2YkxXTVVHbDdSU19WNWI2Q2JZUUktejlyQUtHQjlpQ2s4VG9PSXNIMjVzcml5X2J4WW5zY3dVdUt0ZFJhOVRucmEtNWVnU0FPOUFxcTZoT2VlVnJQWE43?oc=5\" target=\"_blank\" rel=\"nofollow noopener\">Narkotika\u00admisst\u00e4nkta SD-politikern var knarkspanare: \u201dRoligaste jag gjort\u201d<\/a>&nbsp;&nbsp;ETC.se<\/li>\n<li><a href=\"https:\/\/news.google.com\/rss\/articles\/CBMilgFBVV95cUxNOUlSLS1wR0tqLVlmbWxlZHVyZWlZZDFQY0JhODAwbVNfUkVBbzA4R19MTElzUmZOam13UzFMZk1uMjJwRV9MOFJhd1lnNEJMUUFsQVpOYTdoNnMwSkRzTnJ3NTlfUnAyVFVMYVI3WmRpMHNpQXdsWXZMLXQzMGZDN1pPb3FjUThrRjNoSUtmdmFLNGlEblE?oc=5\" target=\"_blank\" rel=\"nofollow noopener\">F\u00f6rsvaret: Inte haft n\u00e5gon p\u00e5se<\/a>&nbsp;&nbsp;Expressen<\/li>\n<\/ol>\n","protected":false},"excerpt":{"rendered":"Sveriges droghyckleri vet inga gr\u00e4nser&nbsp;&nbsp;Flamman Nya uppgifter om SD-kvinnan: Snabbtester visade narkotikap\u00e5verkan&nbsp;&nbsp;Aftonbladet Politiker misst\u00e4nkt f\u00f6r brott&nbsp;&nbsp;8 Sidor Narkotika\u00admisst\u00e4nkta&hellip;\n","protected":false},"author":2,"featured_media":131550,"comment_status":"","ping_status":"","sticky":false,"template":"","format":"standard","meta":{"footnotes":""},"categories":[5],"tags":[22,23,26,27,17,21,24,25,28,29,15,16,18,34,31,33,32,30,19,20],"class_list":{"0":"post-131549","1":"post","2":"type-post","3":"status-publish","4":"format-standard","5":"has-post-thumbnail","7":"category-rubriker","8":"tag-breaking-news","9":"tag-breakingnews","10":"tag-featured-news","11":"tag-featurednews","12":"tag-headlines","13":"tag-huvudnyheter","14":"tag-latest-news","15":"tag-latestnews","16":"tag-main-news","17":"tag-mainnews","18":"tag-news","19":"tag-nyheter","20":"tag-rubriker","21":"tag-se","22":"tag-svenska","23":"tag-sverige","24":"tag-sweden","25":"tag-swedish","26":"tag-top-stories","27":"tag-topstories"},"share_on_mastodon":{"url":"https:\/\/pubeurope.com\/@se\/115871227759848038","error":""},"_links":{"self":[{"href":"https:\/\/www.europesays.com\/se\/wp-json\/wp\/v2\/posts\/131549","targetHints":{"allow":["GET"]}}],"collection":[{"href":"https:\/\/www.europesays.com\/se\/wp-json\/wp\/v2\/posts"}],"about":[{"href":"https:\/\/www.europesays.com\/se\/wp-json\/wp\/v2\/types\/post"}],"author":[{"embeddable":true,"href":"https:\/\/www.europesays.com\/se\/wp-json\/wp\/v2\/users\/2"}],"replies":[{"embeddable":true,"href":"https:\/\/www.europesays.com\/se\/wp-json\/wp\/v2\/comments?post=131549"}],"version-history":[{"count":0,"href":"https:\/\/www.europesays.com\/se\/wp-json\/wp\/v2\/posts\/131549\/revisions"}],"wp:featuredmedia":[{"embeddable":true,"href":"https:\/\/www.europesays.com\/se\/wp-json\/wp\/v2\/media\/131550"}],"wp:attachment":[{"href":"https:\/\/www.europesays.com\/se\/wp-json\/wp\/v2\/media?parent=131549"}],"wp:term":[{"taxonomy":"category","embeddable":true,"href":"https:\/\/www.europesays.com\/se\/wp-json\/wp\/v2\/categories?post=131549"},{"taxonomy":"post_tag","embeddable":true,"href":"https:\/\/www.europesays.com\/se\/wp-json\/wp\/v2\/tags?post=131549"}],"curies":[{"name":"wp","href":"https:\/\/api.w.org\/{rel}","templated":true}]}}