{"id":131556,"date":"2026-01-10T14:21:12","date_gmt":"2026-01-10T14:21:12","guid":{"rendered":"https:\/\/www.europesays.com\/se\/131556\/"},"modified":"2026-01-10T14:21:12","modified_gmt":"2026-01-10T14:21:12","slug":"gronland-drommer-om-sjalvstandighet-kan-usas-pengar-anda-locka-hufvudstadsbladet","status":"publish","type":"post","link":"https:\/\/www.europesays.com\/se\/131556\/","title":{"rendered":"Gr\u00f6nland dr\u00f6mmer om sj\u00e4lvst\u00e4ndighet \u2013 kan USA:s pengar \u00e4nd\u00e5 locka? \u2013 Hufvudstadsbladet"},"content":{"rendered":"<p>Det kommer nya uttalanden om Gr\u00f6nland s\u00e5 gott som dagligen fr\u00e5n Vita huset just nu. I podden Veckan ber\u00e4ttar HBL:s Danmarkskorrespondent <strong>Lena Skogberg<\/strong> mer om l\u00e4get och ger perspektiv: Det handlar om mycket mer \u00e4n <strong>Donald Trump<\/strong>.<\/p>\n<p>K\u00f6penhamn och Nuuk har en komplicerad historia och Gr\u00f6nland har l\u00e4nge dr\u00f6mt om sj\u00e4lvst\u00e4ndighet, \u00e4ven om v\u00e4rldens st\u00f6rsta \u00f6 just nu \u00e4r ekonomiskt beroende av Danmark. <\/p>\n<p>L\u00e4gg till <strong>Mette Frederiksens<\/strong> d\u00e5liga opinionssiffror och att hon \u00e4r en ledare som g\u00f6r sig bra i kris. Frederiksen spelar inte golf med Trump som <strong>Alexander Stubb<\/strong> g\u00f6r \u2013 men den h\u00e5rda retoriken mot Vita huset passar henne som politiker.<\/p>\n<p>\u2013 Det \u00e4r k\u00e4nt att Trump och hon inte kommer \u00f6verens, och hon \u00e4r k\u00e4nd f\u00f6r att vara d\u00e5lig p\u00e5 att smickra. S\u00e5 hon spelar bad cop, medan utrikesminister <strong>Lars L\u00f8kke Rasmussen<\/strong> spelar good cop, s\u00e4ger Lena Skogberg.<\/p>\n<p>Det \u00e4r Rasmussen som ska tr\u00e4ffa Marco Rubio n\u00e4sta vecka.<\/p>\n<p>\u2013 Rasmussen tonar ner konflikten och s\u00e4ger att det finns mycket missf\u00f6rst\u00e5nd h\u00e4r. Han spelar helt klart p\u00e5 mjukare str\u00e4ngar. <\/p>\n<p>Podden Veckan g\u00f6rs av HBL-reportern <strong>Marianne Sundholm<\/strong>. Du hittar podden gratis via hbl.fi\/poddar samt i audiotj\u00e4nster som Spotify och Apple podcasts.<\/p>\n","protected":false},"excerpt":{"rendered":"Det kommer nya uttalanden om Gr\u00f6nland s\u00e5 gott som dagligen fr\u00e5n Vita huset just nu. I podden Veckan&hellip;\n","protected":false},"author":2,"featured_media":131557,"comment_status":"","ping_status":"","sticky":false,"template":"","format":"standard","meta":{"footnotes":""},"categories":[14],"tags":[22,23,26,27,17,21,24,25,28,29,15,16,18,34,31,33,32,30,19,20,51,52,53,54],"class_list":{"0":"post-131556","1":"post","2":"type-post","3":"status-publish","4":"format-standard","5":"has-post-thumbnail","7":"category-varlden","8":"tag-breaking-news","9":"tag-breakingnews","10":"tag-featured-news","11":"tag-featurednews","12":"tag-headlines","13":"tag-huvudnyheter","14":"tag-latest-news","15":"tag-latestnews","16":"tag-main-news","17":"tag-mainnews","18":"tag-news","19":"tag-nyheter","20":"tag-rubriker","21":"tag-se","22":"tag-svenska","23":"tag-sverige","24":"tag-sweden","25":"tag-swedish","26":"tag-top-stories","27":"tag-topstories","28":"tag-varlden","29":"tag-world","30":"tag-world-news","31":"tag-worldnews"},"share_on_mastodon":{"url":"https:\/\/pubeurope.com\/@se\/115871251356136488","error":""},"_links":{"self":[{"href":"https:\/\/www.europesays.com\/se\/wp-json\/wp\/v2\/posts\/131556","targetHints":{"allow":["GET"]}}],"collection":[{"href":"https:\/\/www.europesays.com\/se\/wp-json\/wp\/v2\/posts"}],"about":[{"href":"https:\/\/www.europesays.com\/se\/wp-json\/wp\/v2\/types\/post"}],"author":[{"embeddable":true,"href":"https:\/\/www.europesays.com\/se\/wp-json\/wp\/v2\/users\/2"}],"replies":[{"embeddable":true,"href":"https:\/\/www.europesays.com\/se\/wp-json\/wp\/v2\/comments?post=131556"}],"version-history":[{"count":0,"href":"https:\/\/www.europesays.com\/se\/wp-json\/wp\/v2\/posts\/131556\/revisions"}],"wp:featuredmedia":[{"embeddable":true,"href":"https:\/\/www.europesays.com\/se\/wp-json\/wp\/v2\/media\/131557"}],"wp:attachment":[{"href":"https:\/\/www.europesays.com\/se\/wp-json\/wp\/v2\/media?parent=131556"}],"wp:term":[{"taxonomy":"category","embeddable":true,"href":"https:\/\/www.europesays.com\/se\/wp-json\/wp\/v2\/categories?post=131556"},{"taxonomy":"post_tag","embeddable":true,"href":"https:\/\/www.europesays.com\/se\/wp-json\/wp\/v2\/tags?post=131556"}],"curies":[{"name":"wp","href":"https:\/\/api.w.org\/{rel}","templated":true}]}}