{"id":131558,"date":"2026-01-10T14:23:13","date_gmt":"2026-01-10T14:23:13","guid":{"rendered":"https:\/\/www.europesays.com\/se\/131558\/"},"modified":"2026-01-10T14:23:13","modified_gmt":"2026-01-10T14:23:13","slug":"ska-inte-tvinga-dem-kvar","status":"publish","type":"post","link":"https:\/\/www.europesays.com\/se\/131558\/","title":{"rendered":"\u201dSka inte tvinga dem kvar\u201d"},"content":{"rendered":"<p>Publicerad 10 jan 2026 kl 07.21Uppdaterad kl 08.43<\/p>\n<p>Barnen ratade hockey och valde fotboll i st\u00e4llet.<\/p>\n<p>Men Peter Forsberg misstr\u00f6star inte.\u00a0<\/p>\n<p>\u2013 Man ska inte tvinga dem kvar. Jag \u00e4lskar att titta p\u00e5 deras fotbollsmatcher.<\/p>\n<p><img loading=\"lazy\"   alt=\"\"\/><\/p>\n<p>Peter Forsberg \u00e4r b\u00e5de aff\u00e4rsman och expert hos Viaplay i dag.<\/p>\n<p>Foto: Peter Hansson \/ Stella Pictures<\/p>\n<p>\u00d6ppna bild i helsk\u00e4rm<img loading=\"lazy\"   alt=\"\"\/><\/p>\n<p>Peter Forsberg med exfrun Nicole Nordin och barnen under en skidresa 2021.<\/p>\n<p>Foto: Privat<\/p>\n<p>\u00d6ppna bild i helsk\u00e4rm<\/p>\n<p><a href=\"https:\/\/www.expressen.se\/tagg\/person\/peter-forsberg\/\" class=\"\" rel=\"nofollow noopener\" target=\"_blank\">Peter Forsberg<\/a> flyttade med sin familj till Zug, Schweiz, under 2018. S\u00e5ledes har det blivit sju \u00e5r i alplandet f\u00f6r hockeyikonen som tillsammans med exhustrun Nicole Nordin har barnen Lennox, Lily och Diego.\u00a0<\/p>\n<p>N\u00e4r \u201dFoppa\u201d g\u00e4stade Expressens podcast Hockeypuls tidigare under s\u00e4songen ber\u00e4ttade han om livet som trebarnspappa och att alla barn, efter \u00e5ren utomlands, numera pratar b\u00e4ttre engelska \u00e4n svenska.<\/p>\n<p>\u2013 Ja. De g\u00e5r engelsk skola. Men vi pratar ju absolut svenska hemma hela tiden och \u00f6verallt annars med. N\u00e4r det kommer till skrift \u00e4r de tio g\u00e5nger b\u00e4ttre p\u00e5 engelska \u00e4n vad de \u00e4r p\u00e5 svenska.<\/p>\n<p>\u00c4ldst i syskonskaran \u00e4r Lennox, 12, d\u00e4refter f\u00f6ljer Lily, 10, och Diego, 8.<\/p>\n<p>\u2013 Lennox var sex-sju \u00e5r n\u00e4r vi flyttade ner. Diego har ju inte varit s\u00e5 mycket i Sverige och pratade knappt innan vi drog. Men Lennox gick \u00e4nd\u00e5 p\u00e5 f\u00f6rskola i tre-fyra \u00e5r innan vi flyttade. Men \u00d6-viksm\u00e5l \u00e4r det inte&#8230; Han gick ju p\u00e5 \u00d6stermalm (skratt).<\/p>\n<p><strong>S\u00e5 det \u00e4r stockholmska d\u00e5?<\/strong><\/p>\n<p>\u2013 Ja, precis, hehe. Han var ju med i Djurg\u00e5rden. Men Lennox var den av barnen som i alla fall pratade svenska innan vi drog ner.<\/p>\n<p><img loading=\"lazy\"   alt=\"\"\/><\/p>\n<p>Peter Forsberg ber\u00e4ttar om familjelivet utomlands.<\/p>\n<p>Foto: OLLE SPORRONG<\/p>\n<p>\u00d6ppna bild i helsk\u00e4rm<\/p>\n<p>Med tanke p\u00e5 att \u201dFoppa\u201d \u00e4r en av Sveriges st\u00f6rsta idrottsprofiler genom tiderna har sport varit en central del av barnens uppv\u00e4xt.<\/p>\n<p>Men f\u00f6r ett antal \u00e5r sedan \u00f6vergav b\u00e5de Lennox och Diego ishockeyn.<\/p>\n<p>\u2013 De spelar fotboll, grabbarna.<\/p>\n<p><strong>Vad k\u00e4nner du f\u00f6r det, du som \u00e4r hockeytokig?<\/strong><\/p>\n<p>\u2013 De spelade hockey ett antal \u00e5r men hade inte drivet och d\u00e5 ska man inte tvinga dem kvar. Jag vet inte om jag skulle vilja ha en unge som \u00e4r nya Crosby heller&#8230; Det vore samtidigt skitroligt s\u00e5, men det \u00e4r kanske en jobbig v\u00e4g att g\u00e5. De har valt att spela fotboll och de gillar verkligen det.<\/p>\n<p>Enligt Peter har \u00e4ldsta sonen Lennox en hockeylik spelstil ute p\u00e5 fotbollsplanen.\u00a0<\/p>\n<p>\u2013 Det \u00e4r kul att se att de gillar det de h\u00e5ller p\u00e5 med. Jag \u00e4lskar att g\u00e5 och titta p\u00e5 deras fotbollsmatcher. Lennox spelar v\u00e4l en kombination av hockey och fotboll p\u00e5 planen, hehe.<\/p>\n<p><strong>Han \u00e4r r\u00e4tt fysisk?<\/strong><\/p>\n<p>\u2013 Ja, precis, s\u00e5 \u00e4r det. Han kliver inte undan. Det kan jag inte s\u00e4ga att han g\u00f6r. Det \u00e4r kul att se. Det \u00e4r en bra egenskap att ha i slut\u00e4ndan, som fotbollsspelare, att inte vara r\u00e4dd. Det \u00e4r han verkligen inte n\u00e4r han g\u00e5r in i situationer.\u00a0<\/p>\n<p><strong>Lyssna p\u00e5 hela avsnittet med Peter Forsberg i Hockeypuls podcast, avsnitt 595:<\/strong><\/p>\n<p><img alt=\"\"\/>Ljudklippet gick inte att spela upp<\/p>\n<p>F\u00f6rs\u00f6k igen senare<\/p>\n","protected":false},"excerpt":{"rendered":"Publicerad 10 jan 2026 kl 07.21Uppdaterad kl 08.43 Barnen ratade hockey och valde fotboll i st\u00e4llet. Men Peter&hellip;\n","protected":false},"author":2,"featured_media":131559,"comment_status":"","ping_status":"","sticky":false,"template":"","format":"standard","meta":{"footnotes":""},"categories":[5],"tags":[22,23,26,27,17,21,24,25,28,29,15,16,1467,18,34,255,31,33,32,30,19,20],"class_list":{"0":"post-131558","1":"post","2":"type-post","3":"status-publish","4":"format-standard","5":"has-post-thumbnail","7":"category-rubriker","8":"tag-breaking-news","9":"tag-breakingnews","10":"tag-featured-news","11":"tag-featurednews","12":"tag-headlines","13":"tag-huvudnyheter","14":"tag-latest-news","15":"tag-latestnews","16":"tag-main-news","17":"tag-mainnews","18":"tag-news","19":"tag-nyheter","20":"tag-person-peter-forsberg","21":"tag-rubriker","22":"tag-se","23":"tag-sections-ishockey","24":"tag-svenska","25":"tag-sverige","26":"tag-sweden","27":"tag-swedish","28":"tag-top-stories","29":"tag-topstories"},"share_on_mastodon":{"url":"https:\/\/pubeurope.com\/@se\/115871259219334855","error":""},"_links":{"self":[{"href":"https:\/\/www.europesays.com\/se\/wp-json\/wp\/v2\/posts\/131558","targetHints":{"allow":["GET"]}}],"collection":[{"href":"https:\/\/www.europesays.com\/se\/wp-json\/wp\/v2\/posts"}],"about":[{"href":"https:\/\/www.europesays.com\/se\/wp-json\/wp\/v2\/types\/post"}],"author":[{"embeddable":true,"href":"https:\/\/www.europesays.com\/se\/wp-json\/wp\/v2\/users\/2"}],"replies":[{"embeddable":true,"href":"https:\/\/www.europesays.com\/se\/wp-json\/wp\/v2\/comments?post=131558"}],"version-history":[{"count":0,"href":"https:\/\/www.europesays.com\/se\/wp-json\/wp\/v2\/posts\/131558\/revisions"}],"wp:featuredmedia":[{"embeddable":true,"href":"https:\/\/www.europesays.com\/se\/wp-json\/wp\/v2\/media\/131559"}],"wp:attachment":[{"href":"https:\/\/www.europesays.com\/se\/wp-json\/wp\/v2\/media?parent=131558"}],"wp:term":[{"taxonomy":"category","embeddable":true,"href":"https:\/\/www.europesays.com\/se\/wp-json\/wp\/v2\/categories?post=131558"},{"taxonomy":"post_tag","embeddable":true,"href":"https:\/\/www.europesays.com\/se\/wp-json\/wp\/v2\/tags?post=131558"}],"curies":[{"name":"wp","href":"https:\/\/api.w.org\/{rel}","templated":true}]}}