{"id":131564,"date":"2026-01-10T14:28:13","date_gmt":"2026-01-10T14:28:13","guid":{"rendered":"https:\/\/www.europesays.com\/se\/131564\/"},"modified":"2026-01-10T14:28:13","modified_gmt":"2026-01-10T14:28:13","slug":"trump-vill-infora-rantetak-skamt-att-fraga-snallt","status":"publish","type":"post","link":"https:\/\/www.europesays.com\/se\/131564\/","title":{"rendered":"Trump vill inf\u00f6ra r\u00e4ntetak: \u201dSk\u00e4mt att fr\u00e5ga sn\u00e4llt\u201d"},"content":{"rendered":"<p>Donald Trump vill inf\u00f6ra ett ett\u00e5rigt tak p\u00e5 kreditkortsr\u00e4ntor p\u00e5 10 procent fr\u00e5n och med den 20 januari. Det skriver presidenten p\u00e5 Truth Social. <\/p>\n<p>\u201dVi kommer inte l\u00e4ngre att till\u00e5ta att det amerikanska folket blir \u201dbl\u00e5st\u201d av kreditkortsf\u00f6retag som tar ut r\u00e4ntor p\u00e5 20 till 30 procent \u2013 eller \u00e4nnu mer\u201d, skriver han utan n\u00e5gra detaljer om hur \u00e5tg\u00e4rden ska inf\u00f6ras i praktiken. <\/p>\n<p>Utspelet kritiseras av bland andra demokraten Elizabeth Warren, som kallar f\u00f6rslaget \u201dmeningsl\u00f6st\u201d om inte kongressen lagstiftar om ett r\u00e4ntetak. <\/p>\n<p>\u2013 Att be kreditkortsf\u00f6retag att uppf\u00f6ra sig sn\u00e4llt \u00e4r ett sk\u00e4mt, s\u00e4ger Warren.<\/p>\n<p>Omni \u00e4r politiskt obundna och oberoende. Vi str\u00e4var efter att ge fler perspektiv p\u00e5 nyheterna. Har du fr\u00e5gor eller synpunkter kring v\u00e5r rapportering? <a href=\"https:\/\/omni.se\/trump-vill-infora-rantetak-ett-skamt-att-fraga-snallt\/a\/mailto:redaktion@omni.se\" class=\"ArticleActions_contactLink__W2F1M\" rel=\"nofollow noopener\" target=\"_blank\">Kontakta redaktionen<\/a><\/p>\n","protected":false},"excerpt":{"rendered":"Donald Trump vill inf\u00f6ra ett ett\u00e5rigt tak p\u00e5 kreditkortsr\u00e4ntor p\u00e5 10 procent fr\u00e5n och med den 20 januari.&hellip;\n","protected":false},"author":2,"featured_media":131565,"comment_status":"","ping_status":"","sticky":false,"template":"","format":"standard","meta":{"footnotes":""},"categories":[65],"tags":[75,387,338,12498,72,385,70,71,13454,339,268,1827,34,31,33,32,30,74],"class_list":{"0":"post-131564","1":"post","2":"type-post","3":"status-publish","4":"format-standard","5":"has-post-thumbnail","7":"category-ekonomi","8":"tag-amerikansk-ekonomi","9":"tag-amerikansk-politik","10":"tag-bank","11":"tag-bill-ackman","12":"tag-business","13":"tag-donald-trump","14":"tag-economy","15":"tag-ekonomi","16":"tag-elizabeth-warren","17":"tag-finans-forsakring","18":"tag-nordamerika","19":"tag-presidentvalet-i-usa","20":"tag-se","21":"tag-svenska","22":"tag-sverige","23":"tag-sweden","24":"tag-swedish","25":"tag-usa"},"share_on_mastodon":{"url":"https:\/\/pubeurope.com\/@se\/115871278909299069","error":""},"_links":{"self":[{"href":"https:\/\/www.europesays.com\/se\/wp-json\/wp\/v2\/posts\/131564","targetHints":{"allow":["GET"]}}],"collection":[{"href":"https:\/\/www.europesays.com\/se\/wp-json\/wp\/v2\/posts"}],"about":[{"href":"https:\/\/www.europesays.com\/se\/wp-json\/wp\/v2\/types\/post"}],"author":[{"embeddable":true,"href":"https:\/\/www.europesays.com\/se\/wp-json\/wp\/v2\/users\/2"}],"replies":[{"embeddable":true,"href":"https:\/\/www.europesays.com\/se\/wp-json\/wp\/v2\/comments?post=131564"}],"version-history":[{"count":0,"href":"https:\/\/www.europesays.com\/se\/wp-json\/wp\/v2\/posts\/131564\/revisions"}],"wp:featuredmedia":[{"embeddable":true,"href":"https:\/\/www.europesays.com\/se\/wp-json\/wp\/v2\/media\/131565"}],"wp:attachment":[{"href":"https:\/\/www.europesays.com\/se\/wp-json\/wp\/v2\/media?parent=131564"}],"wp:term":[{"taxonomy":"category","embeddable":true,"href":"https:\/\/www.europesays.com\/se\/wp-json\/wp\/v2\/categories?post=131564"},{"taxonomy":"post_tag","embeddable":true,"href":"https:\/\/www.europesays.com\/se\/wp-json\/wp\/v2\/tags?post=131564"}],"curies":[{"name":"wp","href":"https:\/\/api.w.org\/{rel}","templated":true}]}}