{"id":131566,"date":"2026-01-10T14:29:15","date_gmt":"2026-01-10T14:29:15","guid":{"rendered":"https:\/\/www.europesays.com\/se\/131566\/"},"modified":"2026-01-10T14:29:15","modified_gmt":"2026-01-10T14:29:15","slug":"direkt-kriget-i-ukraina-manga-skadade-i-rysk-robotattack","status":"publish","type":"post","link":"https:\/\/www.europesays.com\/se\/131566\/","title":{"rendered":"Direkt \u2013 Kriget i Ukraina \u2013 M\u00e5nga skadade i rysk robotattack"},"content":{"rendered":"<p>2025-12-30 19:39Uppdaterad 2025-12-30 20:43<\/p>\n<p>Dela<img decoding=\"async\" class=\"picture__img\" src=\"https:\/\/www.europesays.com\/se\/wp-content\/uploads\/2026\/01\/1768055355_856_4ca799cf-df94-45b5-8102-0a243309370e.jpeg\" loading=\"lazy\"   alt=\"\" aria-hidden=\"true\"\/> Foto: Fot Tedi\/TT<\/p>\n<p>Rysslands anfallskrig mot Ukraina kan vara \u00f6ver inom n\u00e5gra veckor, sade Polens premi\u00e4rminister Donald Tusk p\u00e5 tisdagen.<\/p>\n<p>\u2013 Fred \u00e4r i sikte. Det r\u00e5der ingen tvekan om att saker har h\u00e4nt som ger grund f\u00f6r hopp om att det h\u00e4r kriget kan ta slut, och ganska snabbt, sade Tusk vid ett polskt regeringsm\u00f6te p\u00e5 tisdagen, rapporterar Reuters.<\/p>\n<p>Tusk understr\u00f6k att det \u00e4r l\u00e5ngt ifr\u00e5n 100 procent s\u00e4kert att det blir s\u00e5, men att han \u00e4r hoppfull.<\/p>\n<p>\u2013 N\u00e4r jag s\u00e4ger att fred \u00e4r i sikte menar jag de kommande veckorna, inte de kommande m\u00e5naderna eller \u00e5ren. I januari m\u00e5ste vi alla komma samman.<\/p>\n<p>Tusk, som talade efter ett m\u00f6te med andra europeiska ledare, antydde \u00e4ven att det finns en m\u00f6jlighet att USA kan g\u00e5 med p\u00e5 att skicka soldater till Ukraina i h\u00e4ndelse av en fredsuppg\u00f6relse.<\/p>\n<p>\u2013 Vi f\u00e5r se hur konsekventa v\u00e5ra partner p\u00e5 andra sidan Atlanten kommer att vara.<\/p>\n","protected":false},"excerpt":{"rendered":"2025-12-30 19:39Uppdaterad 2025-12-30 20:43 Dela Foto: Fot Tedi\/TT Rysslands anfallskrig mot Ukraina kan vara \u00f6ver inom n\u00e5gra veckor,&hellip;\n","protected":false},"author":2,"featured_media":14013,"comment_status":"","ping_status":"","sticky":false,"template":"","format":"standard","meta":{"footnotes":""},"categories":[14],"tags":[22,23,26,27,17,21,24,25,28,29,15,16,18,34,31,33,32,30,19,20,51,52,53,54],"class_list":{"0":"post-131566","1":"post","2":"type-post","3":"status-publish","4":"format-standard","5":"has-post-thumbnail","7":"category-varlden","8":"tag-breaking-news","9":"tag-breakingnews","10":"tag-featured-news","11":"tag-featurednews","12":"tag-headlines","13":"tag-huvudnyheter","14":"tag-latest-news","15":"tag-latestnews","16":"tag-main-news","17":"tag-mainnews","18":"tag-news","19":"tag-nyheter","20":"tag-rubriker","21":"tag-se","22":"tag-svenska","23":"tag-sverige","24":"tag-sweden","25":"tag-swedish","26":"tag-top-stories","27":"tag-topstories","28":"tag-varlden","29":"tag-world","30":"tag-world-news","31":"tag-worldnews"},"share_on_mastodon":{"url":"https:\/\/pubeurope.com\/@se\/115871282989923654","error":""},"_links":{"self":[{"href":"https:\/\/www.europesays.com\/se\/wp-json\/wp\/v2\/posts\/131566","targetHints":{"allow":["GET"]}}],"collection":[{"href":"https:\/\/www.europesays.com\/se\/wp-json\/wp\/v2\/posts"}],"about":[{"href":"https:\/\/www.europesays.com\/se\/wp-json\/wp\/v2\/types\/post"}],"author":[{"embeddable":true,"href":"https:\/\/www.europesays.com\/se\/wp-json\/wp\/v2\/users\/2"}],"replies":[{"embeddable":true,"href":"https:\/\/www.europesays.com\/se\/wp-json\/wp\/v2\/comments?post=131566"}],"version-history":[{"count":0,"href":"https:\/\/www.europesays.com\/se\/wp-json\/wp\/v2\/posts\/131566\/revisions"}],"wp:featuredmedia":[{"embeddable":true,"href":"https:\/\/www.europesays.com\/se\/wp-json\/wp\/v2\/media\/14013"}],"wp:attachment":[{"href":"https:\/\/www.europesays.com\/se\/wp-json\/wp\/v2\/media?parent=131566"}],"wp:term":[{"taxonomy":"category","embeddable":true,"href":"https:\/\/www.europesays.com\/se\/wp-json\/wp\/v2\/categories?post=131566"},{"taxonomy":"post_tag","embeddable":true,"href":"https:\/\/www.europesays.com\/se\/wp-json\/wp\/v2\/tags?post=131566"}],"curies":[{"name":"wp","href":"https:\/\/api.w.org\/{rel}","templated":true}]}}