{"id":131567,"date":"2026-01-10T14:30:13","date_gmt":"2026-01-10T14:30:13","guid":{"rendered":"https:\/\/www.europesays.com\/se\/131567\/"},"modified":"2026-01-10T14:30:13","modified_gmt":"2026-01-10T14:30:13","slug":"sopdrottningen-byter-namn-for-17e-gangen","status":"publish","type":"post","link":"https:\/\/www.europesays.com\/se\/131567\/","title":{"rendered":"Sopdrottningen byter namn f\u00f6r 17:e g\u00e5ngen"},"content":{"rendered":"<p>Publicerad 10 jan 2026 kl 12.25Uppdaterad kl 12.54<\/p>\n<p>Sopdrottningen bakom avfallskoncernen Think Pink har \u00e5terigen bytt namn.<\/p>\n<p>Det \u00e4r den 17:e g\u00e5ngen i ordningen \u2013 i december \u00e4ndrade f\u00e4ngelsed\u00f6mda Fariba Vancor sitt efternamn till Andersson.<\/p>\n<p>Ur arkivet: Se dr\u00f6narbilderna p\u00e5 Bella Nilssons \u00f6vergivna sopberg<img   alt=\"\"\/><\/p>\n<p>K\u00e4nd som Bella Nilsson. Bytte sen namn till Fariba Vancor. Nu heter sopdrottningen Fariba Andersson.<\/p>\n<p>Foto: SVEN LINDWALL<\/p>\n<p>\u00d6ppna bild i helsk\u00e4rm<\/p>\n<p>I h\u00f6stas d\u00f6mdes sopdrottningen Bella Nilsson, eller Fariba Vancor som hon d\u00e5 hette, till f\u00e4ngelse i sex \u00e5r f\u00f6r grovt milj\u00f6brott, och f\u00e4ngelse i ett \u00e5r och sex m\u00e5nader f\u00f6r grovt bokf\u00f6ringsbrott.<\/p>\n<p>Totalt fick hon allts\u00e5 7,5 \u00e5rs f\u00e4ngelse f\u00f6r sin del i <a href=\"https:\/\/www.expressen.se\/tagg\/organization\/think-pink\/\" class=\"\" rel=\"nofollow noopener\" target=\"_blank\">Think Pink<\/a>-h\u00e4rvan allts\u00e5. Hon har \u00f6verklagat de b\u00e5da domarna till hovr\u00e4tten.<\/p>\n<p>Lyxliv och namnbyten<\/p>\n<p>Fariba Vancor \u00e4r inte bara omskriven som \u00e4gare och grundare till Think Pink utan ocks\u00e5 f\u00f6r det lyxliv hon levt.<\/p>\n<p>I f\u00f6runders\u00f6kningen framkom det att hon och hennes exmake, Thomas Nilsson, som ocks\u00e5 d\u00f6mdes till f\u00e4ngelse f\u00f6r grovt milj\u00f6brott, levde ett liv som f\u00e5 har r\u00e5d med\u00a0\u2013 samtidigt som hundratusentals ton avfall dumpades p\u00e5 olika platser i Sverige.<\/p>\n<p><img loading=\"lazy\"   alt=\"\"\/><\/p>\n<p>Think Pinks avfallsstation i Kagghamra i Borkyrka kommun.<\/p>\n<p>Foto: ALEX LJUNGDAHL<\/p>\n<p>\u00d6ppna bild i helsk\u00e4rm<\/p>\n<p>Under perioden 2018\u20132020 gjorde de \u00f6ver 1\u00a0500 restaurangbes\u00f6k f\u00f6r \u00f6ver 690\u00a0000 kronor.<\/p>\n<p>P\u00e5 tre \u00e5r k\u00f6pte de kl\u00e4der f\u00f6r \u00f6ver en miljon kronor \u2013 bland annat p\u00e5 NK, Guess, Thernlunds, Hugo Boss och p\u00e5 Louis Vuitton-butiken p\u00e5 Birger Jarlsgatan i centrala Stockholm.<\/p>\n<p>Fariba Vancor har ocks\u00e5 \u00e5terkommande bytt namn.<\/p>\n<p><a href=\"https:\/\/www.expressen.se\/nyheter\/sverige\/sopdrottningens-alla-namnbyten\/\" rel=\"nofollow noopener\" target=\"_blank\">Expressen har tidigare avsl\u00f6jat<\/a> att sopdrottningen gjort totalt 16 namnbyten sedan 1991. Nio f\u00f6rnamnsbyten och sju efternamnsbyten.<\/p>\n<p>F\u00f6r n\u00e5gra veckor sedan, den 12 december, var det dags igen.<\/p>\n<p><img loading=\"lazy\"   alt=\"\"\/><\/p>\n<p>Fariba Andersson levde lyxliv f\u00f6r vinsterna fr\u00e5n Think Pink. I dag \u00e4r alla pengar borta. Notan f\u00f6r att r\u00f6ja sopbergen hamnade i st\u00e4llet hos skattebetalarna.<\/p>\n<p>Foto: Polisen<\/p>\n<p>\u00d6ppna bild i helsk\u00e4rm<\/p>\n<p>D\u00e5 ans\u00f6kte Fariba Vancor om att f\u00e5 byta efternamn till Andersson och heter i dag Fariba Andersson.<\/p>\n<p>Fariba Andersson f\u00f6ddes som Khatibi Ghabagh Tabeh. Hon flydde p\u00e5 1980-talet fr\u00e5n Iran och kom som 16-\u00e5ring till Sk\u00f6vde. Det ber\u00e4ttar hon sj\u00e4lv om i sin bok \u201dEn strippas bek\u00e4nnelse\u201d, som hon skrev efter att hon arbetat p\u00e5 porrklubbar i Stockholm f\u00f6r bland annat porrkungen Carl Serung.<\/p>\n<p>Expressen har s\u00f6kt Fariba Andersson.<\/p>\n<p>Namnbyten<\/p>\n<p><strong>F\u00f6rnamnsbyten:<\/strong><\/p>\n<p>1991: Isabella Fariba.<\/p>\n<p>2005-10-18: Bella, Natalie<\/p>\n<p>2021-03-17: Bella, Fariba<\/p>\n<p>2021-06-01: Bella Natalie<\/p>\n<p>2021-09-20: Isabella Devina<\/p>\n<p>22-04-14: Angelina, Juliette, Jennifer<\/p>\n<p>22-04-17: Angelina, Juliet, Jennifer<\/p>\n<p>22-04-17: Angelina, Juliette, Jennifer<\/p>\n<p>23-03-25: Fariba, Juliette, Jennifer<\/p>\n<p><strong>Efternamnsbyten:<\/strong><\/p>\n<p>1991: Johansson<\/p>\n<p>98-07-18: Hobor<\/p>\n<p>98-10-07: Khatibi Ghabagh Tabeh<\/p>\n<p>2000-05-09: Hobor<\/p>\n<p>2000-05-18: Vancor<\/p>\n<p>2011-07-18: Nilsson<\/p>\n<p>2021-11-16: Vancor<\/p>\n<p>2025-12-12: Andersson<\/p>\n<p>K\u00e4lla: Skatteverket.<\/p>\n<p>Visa mer<\/p>\n","protected":false},"excerpt":{"rendered":"Publicerad 10 jan 2026 kl 12.25Uppdaterad kl 12.54 Sopdrottningen bakom avfallskoncernen Think Pink har \u00e5terigen bytt namn. Det&hellip;\n","protected":false},"author":2,"featured_media":131568,"comment_status":"","ping_status":"","sticky":false,"template":"","format":"standard","meta":{"footnotes":""},"categories":[12],"tags":[22,23,26,27,17,21,24,25,28,29,15,16,2587,18,34,154,31,33,32,30,19,20],"class_list":{"0":"post-131567","1":"post","2":"type-post","3":"status-publish","4":"format-standard","5":"has-post-thumbnail","7":"category-sverige","8":"tag-breaking-news","9":"tag-breakingnews","10":"tag-featured-news","11":"tag-featurednews","12":"tag-headlines","13":"tag-huvudnyheter","14":"tag-latest-news","15":"tag-latestnews","16":"tag-main-news","17":"tag-mainnews","18":"tag-news","19":"tag-nyheter","20":"tag-organization-think-pink","21":"tag-rubriker","22":"tag-se","23":"tag-sections-sverige","24":"tag-svenska","25":"tag-sverige","26":"tag-sweden","27":"tag-swedish","28":"tag-top-stories","29":"tag-topstories"},"share_on_mastodon":{"url":"https:\/\/pubeurope.com\/@se\/115871286864921014","error":""},"_links":{"self":[{"href":"https:\/\/www.europesays.com\/se\/wp-json\/wp\/v2\/posts\/131567","targetHints":{"allow":["GET"]}}],"collection":[{"href":"https:\/\/www.europesays.com\/se\/wp-json\/wp\/v2\/posts"}],"about":[{"href":"https:\/\/www.europesays.com\/se\/wp-json\/wp\/v2\/types\/post"}],"author":[{"embeddable":true,"href":"https:\/\/www.europesays.com\/se\/wp-json\/wp\/v2\/users\/2"}],"replies":[{"embeddable":true,"href":"https:\/\/www.europesays.com\/se\/wp-json\/wp\/v2\/comments?post=131567"}],"version-history":[{"count":0,"href":"https:\/\/www.europesays.com\/se\/wp-json\/wp\/v2\/posts\/131567\/revisions"}],"wp:featuredmedia":[{"embeddable":true,"href":"https:\/\/www.europesays.com\/se\/wp-json\/wp\/v2\/media\/131568"}],"wp:attachment":[{"href":"https:\/\/www.europesays.com\/se\/wp-json\/wp\/v2\/media?parent=131567"}],"wp:term":[{"taxonomy":"category","embeddable":true,"href":"https:\/\/www.europesays.com\/se\/wp-json\/wp\/v2\/categories?post=131567"},{"taxonomy":"post_tag","embeddable":true,"href":"https:\/\/www.europesays.com\/se\/wp-json\/wp\/v2\/tags?post=131567"}],"curies":[{"name":"wp","href":"https:\/\/api.w.org\/{rel}","templated":true}]}}