{"id":131569,"date":"2026-01-10T14:31:17","date_gmt":"2026-01-10T14:31:17","guid":{"rendered":"https:\/\/www.europesays.com\/se\/131569\/"},"modified":"2026-01-10T14:31:17","modified_gmt":"2026-01-10T14:31:17","slug":"stenberg-bjorck-starkte-sina-draftaktier-i-jvm","status":"publish","type":"post","link":"https:\/\/www.europesays.com\/se\/131569\/","title":{"rendered":"Stenberg, Bj\u00f6rck st\u00e4rkte sina draftaktier i JVM"},"content":{"rendered":"<p>Men n\u00e4r det v\u00e4l vankade slutspel varvade 18-\u00e5ringen upp; ett po\u00e4ng (0+1) i kvartsfinalen mot Lettland, blev tv\u00e5 po\u00e4ng (1+1) i semifinalen mot Finland och till slut tre po\u00e4ng (1+2) i finalen mot Tjeckien, d\u00e4r Sverige er\u00f6vrade guldet.<\/p>\n<p>\u2013 Jag fick ett bra avslut p\u00e5 turneringen med kvartsfinalen, semifinalen och finalen, sade Stenberg i en intervju med Hockeynews. Det var lite tr\u00f6gt i b\u00f6rjan, men jag \u00e4r n\u00f6jd och tycker det \u00e4r sk\u00f6nt att f\u00e5 ett bra avslut till slut.<\/p>\n<p>Stenbergs insats st\u00e5r i skarp kontrast till McKenna som noterade \u00e5tta po\u00e4ng (3+5) i gruppspelsfasen och sedan begr\u00e4nsades till blygsamma tv\u00e5 po\u00e4ng (0+2) i kvarts- och semifinal, innan han \u00e5terigen stod f\u00f6r en urladdning i bronsmatchen med fyra po\u00e4ng (1+3).<\/p>\n<p>Har Stenberg passerat McKenna? Det \u00e5terst\u00e5r att se.<\/p>\n<p><strong>Viggo Bj\u00f6rck, forward, Sverige<\/strong><br \/>Bj\u00f6rck agerade center i Sveriges andrakedja tillsammans med Stenberg och Eddie Genborg; en trio som var Juniorkronornas kanske b\u00e4sta sett \u00f6ver hela turneringen.<\/p>\n<p>Bj\u00f6rck stod f\u00f6r nio po\u00e4ng (3+6) p\u00e5 sju matcher i turneringen, varav fem i gruppspelet och fyra i slutspelet. Forwarden snittade 20:21 i istid \u2013 detta trots att han var yngst i laget (den enda i laget som var under 18 \u00e5r) och att truppen inneh\u00f6ll hela 15 spelare som redan draftats av NHL-klubbar.<\/p>\n<p>Bj\u00f6rck rankades inf\u00f6r JVM-turneringen som en spelare utanf\u00f6r, eller m\u00f6jligtvis p\u00e5 gr\u00e4nsen till, topp-tio i draften. Men efter insatsen i Minnesota b\u00f6r forwarden ben\u00e4mnas som ett sannolikt val bland de tio \u2013 eller kanske rentav fem \u2013 fr\u00e4msta i draften.<\/p>\n","protected":false},"excerpt":{"rendered":"Men n\u00e4r det v\u00e4l vankade slutspel varvade 18-\u00e5ringen upp; ett po\u00e4ng (0+1) i kvartsfinalen mot Lettland, blev tv\u00e5&hellip;\n","protected":false},"author":2,"featured_media":131570,"comment_status":"","ping_status":"","sticky":false,"template":"","format":"standard","meta":{"footnotes":""},"categories":[5],"tags":[22,23,26,27,17,21,24,25,28,29,15,16,18,34,31,33,32,30,19,20],"class_list":{"0":"post-131569","1":"post","2":"type-post","3":"status-publish","4":"format-standard","5":"has-post-thumbnail","7":"category-rubriker","8":"tag-breaking-news","9":"tag-breakingnews","10":"tag-featured-news","11":"tag-featurednews","12":"tag-headlines","13":"tag-huvudnyheter","14":"tag-latest-news","15":"tag-latestnews","16":"tag-main-news","17":"tag-mainnews","18":"tag-news","19":"tag-nyheter","20":"tag-rubriker","21":"tag-se","22":"tag-svenska","23":"tag-sverige","24":"tag-sweden","25":"tag-swedish","26":"tag-top-stories","27":"tag-topstories"},"share_on_mastodon":{"url":"https:\/\/pubeurope.com\/@se\/115871290569391998","error":""},"_links":{"self":[{"href":"https:\/\/www.europesays.com\/se\/wp-json\/wp\/v2\/posts\/131569","targetHints":{"allow":["GET"]}}],"collection":[{"href":"https:\/\/www.europesays.com\/se\/wp-json\/wp\/v2\/posts"}],"about":[{"href":"https:\/\/www.europesays.com\/se\/wp-json\/wp\/v2\/types\/post"}],"author":[{"embeddable":true,"href":"https:\/\/www.europesays.com\/se\/wp-json\/wp\/v2\/users\/2"}],"replies":[{"embeddable":true,"href":"https:\/\/www.europesays.com\/se\/wp-json\/wp\/v2\/comments?post=131569"}],"version-history":[{"count":0,"href":"https:\/\/www.europesays.com\/se\/wp-json\/wp\/v2\/posts\/131569\/revisions"}],"wp:featuredmedia":[{"embeddable":true,"href":"https:\/\/www.europesays.com\/se\/wp-json\/wp\/v2\/media\/131570"}],"wp:attachment":[{"href":"https:\/\/www.europesays.com\/se\/wp-json\/wp\/v2\/media?parent=131569"}],"wp:term":[{"taxonomy":"category","embeddable":true,"href":"https:\/\/www.europesays.com\/se\/wp-json\/wp\/v2\/categories?post=131569"},{"taxonomy":"post_tag","embeddable":true,"href":"https:\/\/www.europesays.com\/se\/wp-json\/wp\/v2\/tags?post=131569"}],"curies":[{"name":"wp","href":"https:\/\/api.w.org\/{rel}","templated":true}]}}