{"id":131573,"date":"2026-01-10T14:37:30","date_gmt":"2026-01-10T14:37:30","guid":{"rendered":"https:\/\/www.europesays.com\/se\/131573\/"},"modified":"2026-01-10T14:37:30","modified_gmt":"2026-01-10T14:37:30","slug":"domstol-sagar-jurist-anvande-ai-som-hittade-pa-rattsfall-breakit","status":"publish","type":"post","link":"https:\/\/www.europesays.com\/se\/131573\/","title":{"rendered":"Domstol s\u00e5gar jurist \u2013 anv\u00e4nde AI som hittade p\u00e5 r\u00e4ttsfall &#8211; Breakit"},"content":{"rendered":"<ol>\n<li><a href=\"https:\/\/news.google.com\/rss\/articles\/CBMimAFBVV95cUxPdHF0dWxyQkZDb1N5bW1lMkdCekFZV0h0RDFPSWxNLV9QSzFDRzFNVE5pV2RQSjNZVDBaX0F1d0R4czFtSUtlWG5yZUtXZlFDWlRfUlRUSERmUXIxY2lpWVpFRGlkTE84TTZkLTJGQkduVklpR1pEWUxJbUl5RnhILXBJNXBjejFycUEwU1VXdU5hR1dJY2lJdw?oc=5\" target=\"_blank\" rel=\"nofollow noopener\">Domstol s\u00e5gar jurist \u2013 anv\u00e4nde AI som hittade p\u00e5 r\u00e4ttsfall<\/a>&nbsp;&nbsp;Breakit<\/li>\n<li><a href=\"https:\/\/news.google.com\/rss\/articles\/CBMiigFBVV95cUxQMnNRZnEycmR5S3B2anpqeDZ1MUhSbENpTXdzcXk4a25QYW40SW90NHh2TGgzZ3hFT1ZYNURrY2tON2NROFhDVnIyYVlJR1MyTzNCLVNHX042WGV3bmtxYzgzVjFNNF9BdlRaejZobVAtcjRjWUdsUGRLeFZPUlVIc2NGbWNwVW40aFE?oc=5\" target=\"_blank\" rel=\"nofollow noopener\">Jurist h\u00e4nvisade till r\u00e4ttsfall fabricerade av AI<\/a>&nbsp;&nbsp;Aftonbladet<\/li>\n<li><a href=\"https:\/\/news.google.com\/rss\/articles\/CBMipwFBVV95cUxQVjJHbTcya2JuV191ekNMSkJ1YnVGSmd3RlhJMklqRkRSRG1GbDlIeXh3YjVMejdVb2NVMUd6dVdUcUhYUlhIY3pxdjFTb3FTS21tY0RnS0NtTkZYQllWUmhQUmM4Z3RkZHRjSmZhQ3dJY2NMS3hfS0NGQ0dsSGdxZmFMZHFnZEdRSFF1czdLclo5bVV0LWxiM3pDZ2NJeTVRZEI1ZXY2OA?oc=5\" target=\"_blank\" rel=\"nofollow noopener\">Fejkade AI-bilder problem i r\u00e4ttsfall \u2013 s\u00e5 ser experten skillnad<\/a>&nbsp;&nbsp;SVT Nyheter<\/li>\n<li><a href=\"https:\/\/news.google.com\/rss\/articles\/CBMihAFBVV95cUxNaExpVUhvYUxXZHVDZGJzSWV5NDNrSWIyZERPclZ3c0NvbmszSW5FM21lU0hlZUFWWWFpY1k4RWplSWdwS0RvSmdDMDVOREFPRE5Sa3NiNzFLVUZ1b3FIXzJZOXZFVF9MWnJVSVZvZS1oZktnbFQxVk9qN0t6eVZLLTJyVlg?oc=5\" target=\"_blank\" rel=\"nofollow noopener\">Polisen: AI anv\u00e4nds allt mer av kriminella<\/a>&nbsp;&nbsp;Sveriges Radio<\/li>\n<li><a href=\"https:\/\/news.google.com\/rss\/articles\/CBMihgFBVV95cUxQU2FKVkJNOFZmX3RsSG9HUk9DNno0ejl6Q1M5SEF0QU0tWE5vUTZLbUVvc2tuWTlWVVFTRWlZNmFoSFNYbkJWdy1Nc3JEUnBqQjNaM0hkUzNhNUdTMEdBLVRxMHhTVmlFV2RpbXNOU2h3U0VEYlAtV0lhRTZUd2NGV2gyQVVqZw?oc=5\" target=\"_blank\" rel=\"nofollow noopener\">AI skriver domar \u2013 ingen vet hur det ska regleras<\/a>&nbsp;&nbsp;Realtid<\/li>\n<\/ol>\n","protected":false},"excerpt":{"rendered":"Domstol s\u00e5gar jurist \u2013 anv\u00e4nde AI som hittade p\u00e5 r\u00e4ttsfall&nbsp;&nbsp;Breakit Jurist h\u00e4nvisade till r\u00e4ttsfall fabricerade av AI&nbsp;&nbsp;Aftonbladet Fejkade&hellip;\n","protected":false},"author":2,"featured_media":131574,"comment_status":"","ping_status":"","sticky":false,"template":"","format":"standard","meta":{"footnotes":""},"categories":[65],"tags":[72,87,70,71,88,91,90,92,34,89,86,31,33,32,30,85],"class_list":{"0":"post-131573","1":"post","2":"type-post","3":"status-publish","4":"format-standard","5":"has-post-thumbnail","7":"category-ekonomi","8":"tag-business","9":"tag-digital","10":"tag-economy","11":"tag-ekonomi","12":"tag-entreprenor","13":"tag-king","14":"tag-klarna","15":"tag-riskkapital","16":"tag-se","17":"tag-spotify","18":"tag-startups","19":"tag-svenska","20":"tag-sverige","21":"tag-sweden","22":"tag-swedish","23":"tag-tech"},"share_on_mastodon":{"url":"https:\/\/pubeurope.com\/@se\/115871314372273704","error":""},"_links":{"self":[{"href":"https:\/\/www.europesays.com\/se\/wp-json\/wp\/v2\/posts\/131573","targetHints":{"allow":["GET"]}}],"collection":[{"href":"https:\/\/www.europesays.com\/se\/wp-json\/wp\/v2\/posts"}],"about":[{"href":"https:\/\/www.europesays.com\/se\/wp-json\/wp\/v2\/types\/post"}],"author":[{"embeddable":true,"href":"https:\/\/www.europesays.com\/se\/wp-json\/wp\/v2\/users\/2"}],"replies":[{"embeddable":true,"href":"https:\/\/www.europesays.com\/se\/wp-json\/wp\/v2\/comments?post=131573"}],"version-history":[{"count":0,"href":"https:\/\/www.europesays.com\/se\/wp-json\/wp\/v2\/posts\/131573\/revisions"}],"wp:featuredmedia":[{"embeddable":true,"href":"https:\/\/www.europesays.com\/se\/wp-json\/wp\/v2\/media\/131574"}],"wp:attachment":[{"href":"https:\/\/www.europesays.com\/se\/wp-json\/wp\/v2\/media?parent=131573"}],"wp:term":[{"taxonomy":"category","embeddable":true,"href":"https:\/\/www.europesays.com\/se\/wp-json\/wp\/v2\/categories?post=131573"},{"taxonomy":"post_tag","embeddable":true,"href":"https:\/\/www.europesays.com\/se\/wp-json\/wp\/v2\/tags?post=131573"}],"curies":[{"name":"wp","href":"https:\/\/api.w.org\/{rel}","templated":true}]}}