{"id":131575,"date":"2026-01-10T14:38:16","date_gmt":"2026-01-10T14:38:16","guid":{"rendered":"https:\/\/www.europesays.com\/se\/131575\/"},"modified":"2026-01-10T14:38:16","modified_gmt":"2026-01-10T14:38:16","slug":"invanare-uppmanas-stanna-hemma-nar-stormen-goretti-lamslar-europa","status":"publish","type":"post","link":"https:\/\/www.europesays.com\/se\/131575\/","title":{"rendered":"Inv\u00e5nare uppmanas stanna hemma n\u00e4r stormen Goretti lamsl\u00e5r Europa"},"content":{"rendered":"<p>Stormen Goretti har ett h\u00e5rt grepp om stora delar av Europa p\u00e5 fredagen, med kaos i flygtrafiken, st\u00e4ngda skolor och str\u00f6mavbrott som f\u00f6ljd. I Frankrike uppm\u00e4ttes vindar p\u00e5 upp\u00e5t 60 meter per sekund natten till fredag, enligt Reuters. England och Wales hade vindar p\u00e5 mer \u00e4n 40 meter per sekund.<\/p>\n<p>I Storbritannien och Tyskland uppmanas medborgarna att stanna inomhus n\u00e4r sn\u00f6fallen och vindarna \u00f6kar i kraft. <\/p>\n<p>Londonflygplatsen Heathrow st\u00e4llde in 50 avg\u00e5ngar, vilket p\u00e5verkade tusentals resen\u00e4rer, skriver AFP. \u00d6ver 57\u202f000 hush\u00e5ll l\u00e4mnades ocks\u00e5 str\u00f6ml\u00f6sa under fredagen. <\/p>\n<p>I Tyskland, d\u00e4r stormen heter Elli, fick skolor st\u00e4nga i Hamburg och Bremen och t\u00e5gtrafik har st\u00e4llts in. Reuters rapporterar att den tyska statliga j\u00e4rnv\u00e4gen kallar ov\u00e4dret f\u00f6r det v\u00e4rsta p\u00e5 \u00e5rtionden. <\/p>\n<p>Omni \u00e4r politiskt obundna och oberoende. Vi str\u00e4var efter att ge fler perspektiv p\u00e5 nyheterna. Har du fr\u00e5gor eller synpunkter kring v\u00e5r rapportering? <a href=\"https:\/\/omni.se\/vinterstormen-goretti-lamslar-europa-uppmanas-att-stanna-hemma\/a\/mailto:redaktion@omni.se\" class=\"ArticleActions_contactLink__W2F1M\" rel=\"nofollow noopener\" target=\"_blank\">Kontakta redaktionen<\/a><\/p>\n","protected":false},"excerpt":{"rendered":"Stormen Goretti har ett h\u00e5rt grepp om stora delar av Europa p\u00e5 fredagen, med kaos i flygtrafiken, st\u00e4ngda&hellip;\n","protected":false},"author":2,"featured_media":131576,"comment_status":"","ping_status":"","sticky":false,"template":"","format":"standard","meta":{"footnotes":""},"categories":[14],"tags":[22,23,267,26,27,266,17,21,24,25,28,29,15,16,18,34,593,31,33,32,30,4647,19,20,408,51,52,53,54],"class_list":{"0":"post-131575","1":"post","2":"type-post","3":"status-publish","4":"format-standard","5":"has-post-thumbnail","7":"category-varlden","8":"tag-breaking-news","9":"tag-breakingnews","10":"tag-europa","11":"tag-featured-news","12":"tag-featurednews","13":"tag-frankrike","14":"tag-headlines","15":"tag-huvudnyheter","16":"tag-latest-news","17":"tag-latestnews","18":"tag-main-news","19":"tag-mainnews","20":"tag-news","21":"tag-nyheter","22":"tag-rubriker","23":"tag-se","24":"tag-storbritannien","25":"tag-svenska","26":"tag-sverige","27":"tag-sweden","28":"tag-swedish","29":"tag-tjeckien","30":"tag-top-stories","31":"tag-topstories","32":"tag-tyskland","33":"tag-varlden","34":"tag-world","35":"tag-world-news","36":"tag-worldnews"},"share_on_mastodon":{"url":"https:\/\/pubeurope.com\/@se\/115871318215634928","error":""},"_links":{"self":[{"href":"https:\/\/www.europesays.com\/se\/wp-json\/wp\/v2\/posts\/131575","targetHints":{"allow":["GET"]}}],"collection":[{"href":"https:\/\/www.europesays.com\/se\/wp-json\/wp\/v2\/posts"}],"about":[{"href":"https:\/\/www.europesays.com\/se\/wp-json\/wp\/v2\/types\/post"}],"author":[{"embeddable":true,"href":"https:\/\/www.europesays.com\/se\/wp-json\/wp\/v2\/users\/2"}],"replies":[{"embeddable":true,"href":"https:\/\/www.europesays.com\/se\/wp-json\/wp\/v2\/comments?post=131575"}],"version-history":[{"count":0,"href":"https:\/\/www.europesays.com\/se\/wp-json\/wp\/v2\/posts\/131575\/revisions"}],"wp:featuredmedia":[{"embeddable":true,"href":"https:\/\/www.europesays.com\/se\/wp-json\/wp\/v2\/media\/131576"}],"wp:attachment":[{"href":"https:\/\/www.europesays.com\/se\/wp-json\/wp\/v2\/media?parent=131575"}],"wp:term":[{"taxonomy":"category","embeddable":true,"href":"https:\/\/www.europesays.com\/se\/wp-json\/wp\/v2\/categories?post=131575"},{"taxonomy":"post_tag","embeddable":true,"href":"https:\/\/www.europesays.com\/se\/wp-json\/wp\/v2\/tags?post=131575"}],"curies":[{"name":"wp","href":"https:\/\/api.w.org\/{rel}","templated":true}]}}