{"id":131579,"date":"2026-01-10T14:40:15","date_gmt":"2026-01-10T14:40:15","guid":{"rendered":"https:\/\/www.europesays.com\/se\/131579\/"},"modified":"2026-01-10T14:40:15","modified_gmt":"2026-01-10T14:40:15","slug":"kaj-80-lamnades-i-snon-av-sjuktaxin-i-kungsbacka","status":"publish","type":"post","link":"https:\/\/www.europesays.com\/se\/131579\/","title":{"rendered":"Kaj, 80, l\u00e4mnades i sn\u00f6n av sjuktaxin i Kungsbacka"},"content":{"rendered":"<p><a data-test-tag=\"internal-link\" href=\"https:\/\/www.aftonbladet.se\/av\/nora-fernstedt\" class=\"hyperion-css-13ns1rr\" rel=\"nofollow noopener\" target=\"\" aria-label=\"Se alla artiklar av Nora Fernstedt\"><img decoding=\"async\" class=\"image-asset hyperion-css-n6kkq1\" data-test-tag=\"image-asset\" src=\"https:\/\/www.europesays.com\/se\/wp-content\/uploads\/2026\/01\/1768056014_816_4898f780-21e5-4fc9-aaf6-8b2690fbf32e.png\"  alt=\"\"  loading=\"lazy\" fetchpriority=\"auto\" style=\"aspect-ratio:1900 \/ 1900\"\/><\/a><\/p>\n<p class=\"boxtextgrotesk-root_baa6 hyperion-css-7pajle\">Publicerad 2026-01-09 21.19<\/p>\n<p>share-arrowDela<\/p>\n<p>unsaveSpara<\/p>\n<p>expand-left<\/p>\n<p>helsk\u00e4rm<img decoding=\"async\" class=\"image-asset hyperion-css-u06ts1\" data-test-tag=\"image-asset\" src=\"https:\/\/www.europesays.com\/se\/wp-content\/uploads\/2026\/01\/d06c73c9-ec2e-4899-8981-52fce478e048.jpeg\"  alt=\"Kaj Hake \u00e4r rullstolsburen sedan en olycka f\u00f6r fem \u00e5r sedan.\"  loading=\"eager\" fetchpriority=\"high\" style=\"aspect-ratio:1015 \/ 836\"\/>Kaj Hake \u00e4r rullstolsburen sedan en olycka f\u00f6r fem \u00e5r sedan. Foto: Privat<\/p>\n<p class=\"hyperion-css-1shl3oz\" data-test-tag=\"lead-text\">Sjuktaxin l\u00e4mnade rullstolsburne Kaj Hake, 80, i sn\u00f6ov\u00e4dret utanf\u00f6r \u00e4ldreboendet.<\/p>\n<p class=\"hyperion-css-1shl3oz\" data-test-tag=\"lead-text\">\u00c5tta timmar senare hittades han av personalen.<\/p>\n<p class=\"hyperion-css-1shl3oz\" data-test-tag=\"lead-text\">\u2013 Vad hade man gjort om han hade d\u00f6tt? s\u00e4ger Kajs son Johan Hake.<\/p>\n<ul class=\"hyperion-css-e9gx76\" data-test-tag=\"list\">\n<li class=\"hyperion-css-1d843yr\">En 80-\u00e5rig man, rullstolsburen och med nedsatt r\u00f6rlighet, blev l\u00e4mnad utomhus i ett sn\u00f6ov\u00e4der av sjuktransporten utan hj\u00e4lp att komma in i sitt \u00e4ldreboende, och uppt\u00e4cktes f\u00f6rst \u00e5tta timmar senare med kraftigt nedsatt kroppstemperatur.<\/li>\n<li class=\"hyperion-css-1d843yr\">\u00c4ldreboendet trodde mannen stannat kvar p\u00e5 sjukhuset p\u00e5 grund av sn\u00f6ov\u00e4dret n\u00e4r deras f\u00f6rs\u00f6k att f\u00e5 klara besked misslyckades.<\/li>\n<li class=\"hyperion-css-1d843yr\">F\u00f6raren har st\u00e4ngts av och Hallandstrafiken utreder h\u00e4ndelsen f\u00f6r att f\u00f6rhindra liknande situationer i framtiden.<\/li>\n<\/ul>\n<p>L\u00e4s mer<\/p>\n<p class=\"hyperion-css-1v9qo5x\">I onsdags var Johan Hakes pappa Kaj Hake, 80, p\u00e5 rutinkontroll p\u00e5 Varbergs sjukhus.<\/p>\n<p class=\"hyperion-css-1v9qo5x\">P\u00e5 kv\u00e4llen fick han sjuktransport hem till \u00e4ldreboendet i <a data-test-tag=\"internal-link\" href=\"https:\/\/www.aftonbladet.se\/lokala-nyheter\/kungsbacka\" class=\"hyperion-css-15jkft9\" rel=\"nofollow noopener\" target=\"\" aria-label=\"Kungsbacka\">Kungsbacka<\/a> d\u00e4r han bor permanent.<\/p>\n<p class=\"hyperion-css-1v9qo5x\">Vid alla tidigare tillf\u00e4llen har sjuktransporten k\u00f6rt in Kaj innanf\u00f6r d\u00f6rrarna n\u00e4r de kommit fram, ber\u00e4ttar Johan Hake.<\/p>\n<p class=\"hyperion-css-1v9qo5x\">\u2013 Det som h\u00e4nder nu \u00e4r chauff\u00f6ren bara sl\u00e4pper av min far utanf\u00f6r. Min far s\u00e4ger d\u00e5 att \u2019jag ska in innanf\u00f6r d\u00f6rrarna\u2019. Och det g\u00f6r inte den h\u00e4r taxichauff\u00f6ren. Han l\u00e4mnar honom d\u00e4r i sn\u00f6n, s\u00e4ger Johan.<\/p>\n<p>expand-left<\/p>\n<p>helsk\u00e4rm<img decoding=\"async\" class=\"image-asset hyperion-css-u06ts1\" data-test-tag=\"image-asset\" src=\"https:\/\/www.europesays.com\/se\/wp-content\/uploads\/2026\/01\/a41ce743-2f3a-4fc7-bb83-8b0f834d5c0b.jpeg\"  alt=\"\u2013 Det handlar om en m\u00e4nniskas liv, s\u00e4ger Johan Hake vars pappa l\u00e4mnade ute i sn\u00f6n en hel natt.\"  loading=\"eager\" fetchpriority=\"high\" style=\"aspect-ratio:1167 \/ 1378\"\/>\u2013 Det handlar om en m\u00e4nniskas liv, s\u00e4ger Johan Hake vars pappa l\u00e4mnade ute i sn\u00f6n en hel natt. Foto: Privat33 grader i kroppstemperatur<\/p>\n<p class=\"hyperion-css-1v9qo5x\">Kaj Hake sitter i rullstol sedan en olycka f\u00f6r fem \u00e5r sedan. Han har sv\u00e5rt att ta sig fram p\u00e5 egen hand. I sn\u00f6ov\u00e4dret var det om\u00f6jligt att ta sig fram de f\u00e5 metrarna till d\u00f6rren.<\/p>\n<p class=\"hyperion-css-1v9qo5x\">Till r\u00e5ga p\u00e5 allt tog batterierna slut p\u00e5 hans mobiltelefon.<\/p>\n<p class=\"hyperion-css-1v9qo5x\">\u2013 Han bara satt och v\u00e4ntade p\u00e5 att n\u00e5gon skulle komma f\u00f6rbi och se honom.<\/p>\n<p class=\"hyperion-css-1v9qo5x\">Men det var f\u00f6rst klockan 05.30 p\u00e5 morgonen som Kaj uppt\u00e4cktes av kv\u00e4llspersonalen som skulle hem. D\u00e5 hade han suttit utomhus sedan 21.45.<\/p>\n<p class=\"hyperion-css-1v9qo5x\">\u2013 Han m\u00e5dde inte j\u00e4ttebra. Ambulansen fick h\u00e4mta honom direkt, ber\u00e4ttar Johan.<\/p>\n<p class=\"hyperion-css-1v9qo5x\">Kajs kroppstemperatur var nere p\u00e5 33 grader. P\u00e5 fredagen har han feber, och \u00e4r under uppsikt p\u00e5 sjukhus f\u00f6r att han inte ska f\u00e5 n\u00e5gon infektion.<\/p>\n<p class=\"hyperion-css-1v9qo5x\">\u2013 Vi \u00e4r ju r\u00e4dda att han ska f\u00e5 lunginflammation. Han \u00e4r 80 \u00e5r. Det \u00e4r ju bara tur att han hade p\u00e5 sig jacka.<\/p>\n<p>\u201dEn m\u00e4nniskas liv\u201d<\/p>\n<p class=\"hyperion-css-1v9qo5x\">Johan har pratat med \u00e4ldreboendet om varf\u00f6r de inte letade efter hans pappa.<\/p>\n<p class=\"hyperion-css-1v9qo5x\">Boendet har sagt att de f\u00f6rs\u00f6kte ringa sjukhuset, som svarade att de inte visste om det hade g\u00e5tt en taxi eller inte. Enligt Johan utgick boendet d\u00e5 fr\u00e5n att taxin inte hade g\u00e5tt p\u00e5 grund av sn\u00f6ov\u00e4dret och att Kaj fick vara kvar p\u00e5 sjukhuset.<\/p>\n<p class=\"hyperion-css-1v9qo5x\">Johan tycker inte att \u00e4ldreboendets personal har gjort n\u00e5got fel. D\u00e4remot \u00e4r han rasande p\u00e5 taxibolaget och t\u00e4nker g\u00f6ra en polisanm\u00e4lan.<\/p>\n<p class=\"hyperion-css-1v9qo5x\">\u2013 Vad \u00e4r det f\u00f6r j\u00e4vla idiot som bara sl\u00e4pper av en \u00e4ldre m\u00e4nniska som inte kan ta sig fram sj\u00e4lv? Man borde ju kunna fatta att om man sl\u00e4pper av n\u00e5gon i rullstol att den inte kan ta sig fram i sn\u00f6n.<\/p>\n<p class=\"hyperion-css-1v9qo5x\">Han tycker inte att taxibolaget borde f\u00e5 k\u00f6ra fler sjuktransporter.<\/p>\n<p class=\"hyperion-css-1v9qo5x\">\u2013 Det \u00e4r en m\u00e4nniskas liv som man s\u00e4tter d\u00e4r ute.<\/p>\n<p>expand-left<\/p>\n<p>helsk\u00e4rm<img decoding=\"async\" class=\"image-asset hyperion-css-u06ts1\" data-test-tag=\"image-asset\" src=\"https:\/\/www.europesays.com\/se\/wp-content\/uploads\/2026\/01\/dcc16f0c-5e13-4230-b97d-977577cadb50.jpeg\"  alt=\"\u00c4ldreboende fick inget klart besked av sjuhuset och trodde att Kajs resa blivit inst\u00e4lld p\u00e5 grund av sn\u00f6ov\u00e4dret.\"  loading=\"eager\" fetchpriority=\"high\" style=\"aspect-ratio:780 \/ 491\"\/>\u00c4ldreboende fick inget klart besked av sjuhuset och trodde att Kajs resa blivit inst\u00e4lld p\u00e5 grund av sn\u00f6ov\u00e4dret. Foto: Jerker Ivarsson\/ArkivK\u00e4nde sig hj\u00e4lpl\u00f6s<\/p>\n<p class=\"hyperion-css-1v9qo5x\">Johan har kunnat i prata i telefon med sin pappa p\u00e5 sjukhuset. <\/p>\n<p class=\"hyperion-css-1v9qo5x\">\u2013 Han \u00e4r ju en liten st\u00e5lgubbe. Men det v\u00e4rsta tyckte han var att det kom s\u00e5 mycket sn\u00f6 fr\u00e5n taket d\u00e4r han satt. Han hade inte sovit n\u00e5gonting.<\/p>\n<p class=\"hyperion-css-1v9qo5x\">Eftersom Kaj nyligen haft lunginflammation har han ocks\u00e5 svag r\u00f6st och sv\u00e5rt att ropa p\u00e5 hj\u00e4lp. <\/p>\n<p class=\"hyperion-css-1v9qo5x\"><strong>Var han r\u00e4dd n\u00e4r han satt d\u00e4r?<\/strong><\/p>\n<p class=\"hyperion-css-1v9qo5x\">\u2013 Det l\u00e4t inte som att han r\u00e4dd utan mer, vad var det han sa? Hj\u00e4lpl\u00f6s. <\/p>\n<p>F\u00f6raren avst\u00e4ngd: \u201dBrustit i omd\u00f6me\u201d<\/p>\n<p class=\"hyperion-css-1v9qo5x\">Daniel Bernhardt, verksamhetschef f\u00f6r s\u00e4rskild kollektivtrafik p\u00e5 <a data-test-tag=\"internal-link\" href=\"https:\/\/www.aftonbladet.se\/tagg\/hallandstrafiken\" class=\"hyperion-css-15jkft9\" rel=\"nofollow noopener\" target=\"\" aria-label=\"Hallandstrafiken\">Hallandstrafiken<\/a>, s\u00e4ger att de har utrett h\u00e4ndelsen.<\/p>\n<p class=\"hyperion-css-1v9qo5x\">\u2013 Det h\u00e4r \u00e4r s\u00e5klart en fruktansv\u00e4rd h\u00e4ndelse och vi tar v\u00e5r del i det p\u00e5 absolut st\u00f6rsta allvar, s\u00e4ger han.<\/p>\n<p>expand-left<\/p>\n<p>helsk\u00e4rm<img decoding=\"async\" class=\"image-asset hyperion-css-u06ts1\" data-test-tag=\"image-asset\" src=\"https:\/\/www.europesays.com\/se\/wp-content\/uploads\/2026\/01\/707ee585-5b45-40ae-a59e-5782b7cfcd62.jpeg\"  alt=\"Daniel Bernhardt p\u00e5 Hallandstrafiken.\"  loading=\"eager\" fetchpriority=\"high\" style=\"aspect-ratio:1464 \/ 1048\"\/>Daniel Bernhardt p\u00e5 Hallandstrafiken. Foto: Hallandstrafiken<\/p>\n<p class=\"hyperion-css-1v9qo5x\">Enligt honom fanns det ingen notering i taxibest\u00e4llningen om att mannen skulle l\u00e4mnas inomhus. Det stod d\u00e4remot att han skulle hj\u00e4lpas till d\u00f6rren. Mannen blev avsl\u00e4ppt 4\u20135 meter fr\u00e5n d\u00f6rren, och enligt f\u00f6raren nekade han hj\u00e4lp fram till d\u00f6rren.<\/p>\n<p class=\"hyperion-css-1v9qo5x\">\u2013 D\u00e4r \u00e4r det ord mot ord. Men oavsett vilket \u00e4r det en sen kv\u00e4ll och det \u00e4r sn\u00f6igt ute, s\u00e5 f\u00f6raren har \u00e4nd\u00e5 brustit i sitt omd\u00f6me. Man b\u00f6r stanna kvar och se om en \u00e4ldre herre faktiskt tar sig fram.<\/p>\n<p class=\"hyperion-css-1v9qo5x\">Chauff\u00f6ren har st\u00e4ngts av tills vidare. Hallandstrafiken kommer att ha vidare dialog med trafikf\u00f6retaget och f\u00f6raren.<\/p>\n<p class=\"hyperion-css-1v9qo5x\">\u2013 Vi ser ocks\u00e5 vad vi kan g\u00f6ra fr\u00e5n v\u00e5rt h\u00e5ll f\u00f6r att undvika en liknande situation i framtiden, s\u00e4ger Daniel Bernhardt.<\/p>\n","protected":false},"excerpt":{"rendered":"Publicerad 2026-01-09 21.19 share-arrowDela unsaveSpara expand-left helsk\u00e4rmKaj Hake \u00e4r rullstolsburen sedan en olycka f\u00f6r fem \u00e5r sedan. Foto:&hellip;\n","protected":false},"author":2,"featured_media":131580,"comment_status":"","ping_status":"","sticky":false,"template":"","format":"standard","meta":{"footnotes":""},"categories":[5],"tags":[22,23,26,27,17,21,24,25,28,29,15,16,18,34,31,33,32,30,19,20],"class_list":{"0":"post-131579","1":"post","2":"type-post","3":"status-publish","4":"format-standard","5":"has-post-thumbnail","7":"category-rubriker","8":"tag-breaking-news","9":"tag-breakingnews","10":"tag-featured-news","11":"tag-featurednews","12":"tag-headlines","13":"tag-huvudnyheter","14":"tag-latest-news","15":"tag-latestnews","16":"tag-main-news","17":"tag-mainnews","18":"tag-news","19":"tag-nyheter","20":"tag-rubriker","21":"tag-se","22":"tag-svenska","23":"tag-sverige","24":"tag-sweden","25":"tag-swedish","26":"tag-top-stories","27":"tag-topstories"},"share_on_mastodon":{"url":"https:\/\/pubeurope.com\/@se\/115871326118510597","error":""},"_links":{"self":[{"href":"https:\/\/www.europesays.com\/se\/wp-json\/wp\/v2\/posts\/131579","targetHints":{"allow":["GET"]}}],"collection":[{"href":"https:\/\/www.europesays.com\/se\/wp-json\/wp\/v2\/posts"}],"about":[{"href":"https:\/\/www.europesays.com\/se\/wp-json\/wp\/v2\/types\/post"}],"author":[{"embeddable":true,"href":"https:\/\/www.europesays.com\/se\/wp-json\/wp\/v2\/users\/2"}],"replies":[{"embeddable":true,"href":"https:\/\/www.europesays.com\/se\/wp-json\/wp\/v2\/comments?post=131579"}],"version-history":[{"count":0,"href":"https:\/\/www.europesays.com\/se\/wp-json\/wp\/v2\/posts\/131579\/revisions"}],"wp:featuredmedia":[{"embeddable":true,"href":"https:\/\/www.europesays.com\/se\/wp-json\/wp\/v2\/media\/131580"}],"wp:attachment":[{"href":"https:\/\/www.europesays.com\/se\/wp-json\/wp\/v2\/media?parent=131579"}],"wp:term":[{"taxonomy":"category","embeddable":true,"href":"https:\/\/www.europesays.com\/se\/wp-json\/wp\/v2\/categories?post=131579"},{"taxonomy":"post_tag","embeddable":true,"href":"https:\/\/www.europesays.com\/se\/wp-json\/wp\/v2\/tags?post=131579"}],"curies":[{"name":"wp","href":"https:\/\/api.w.org\/{rel}","templated":true}]}}