{"id":131583,"date":"2026-01-10T14:45:37","date_gmt":"2026-01-10T14:45:37","guid":{"rendered":"https:\/\/www.europesays.com\/se\/131583\/"},"modified":"2026-01-10T14:45:37","modified_gmt":"2026-01-10T14:45:37","slug":"fler-vraks-fran-sina-hem","status":"publish","type":"post","link":"https:\/\/www.europesays.com\/se\/131583\/","title":{"rendered":"Fler vr\u00e4ks fr\u00e5n sina hem"},"content":{"rendered":"<p><strong>Allt fler personer vr\u00e4ks och antalet ber\u00f6rda barn \u00f6kar, enligt en ny rapport fr\u00e5n Sveriges Allm\u00e4nnytta. Men m\u00e5nga bostadsbolag jobbar ocks\u00e5 aktivt f\u00f6r att f\u00f6rebygga den negativa utvecklingen.<\/strong><\/p>\n<p>Enligt rapporten <a href=\"https:\/\/www.sverigesallmannytta.se\/trycksaker\/basta-vrakningen-den-som-inte-blev-av\/\" rel=\"nofollow noopener\" target=\"_blank\">B\u00e4sta vr\u00e4kningen? Den som inte blev av<\/a> \u00f6kar antalet avhysningar i Sverige och har inte varit p\u00e5 s\u00e5 h\u00f6g niv\u00e5 p\u00e5 15 \u00e5r. Bara i Stockholms l\u00e4n verkst\u00e4lldes 638 vr\u00e4kningar under 2024, 11 procent mer \u00e4n 2023.<\/p>\n<p>Bland medlemmarna i Sveriges Allm\u00e4nnytta, som best\u00e5r av b\u00e5de kommunala och privata bostadsbolag, uppger 17 av 20 svarande bostadsbolag i Stockholms l\u00e4n att de arbetar systematiskt f\u00f6r att f\u00f6rebygga avhysningar. Det kan handla om att ta kontakt tidigare vid utebliven hyresbetalning, information om hush\u00e5llsekonomi till gymnasister och b\u00e4ttre samverkan med socialtj\u00e4nsten.<\/p>\n<p><img loading=\"lazy\" decoding=\"async\" width=\"1024\" height=\"713\" data-wp-class--hide=\"state.isContentHidden\" data-wp-class--show=\"state.isContentVisible\" data-wp-init=\"callbacks.setButtonStyles\" data-wp-on-async--click=\"actions.showLightbox\" data-wp-on-async--load=\"callbacks.setButtonStyles\" data-wp-on-async-window--resize=\"callbacks.setButtonStyles\" src=\"https:\/\/www.europesays.com\/se\/wp-content\/uploads\/2026\/01\/avhysningar-sveriges-allmannytta-1024x713.png\" alt=\"\" class=\"wp-image-134401\"  \/><\/p>\n<p>\u00c4ven antalet barn som ber\u00f6rs av avhysningar har \u00f6kat de senaste \u00e5ren, men i Stockholms l\u00e4n har det blivit en viss minskning fr\u00e5n 2023 till 2024, d\u00e5 107 barn drabbades.<\/p>\n<p>Sveafastigheter, som \u00e4r ett privat bolag och som <a href=\"https:\/\/www.nyhetsbyranjarva.se\/ny-granskning-avslojar-hyresvardarnas-dubbelmoral\/\" rel=\"nofollow noopener\" target=\"_blank\">enligt tidigare granskning<\/a> gjord av Hem &amp; Hyra inte till\u00e5ter n\u00e5gra betalningsanm\u00e4rkningar hos nya hyresg\u00e4ster, hyr ut bost\u00e4der i bland annat Akalla, Rinkeby och Kista. De lyfts i den nya rapporten som ett exempel f\u00f6r att de nu pr\u00f6var att slopa inkomstkravet f\u00f6r delar av sitt best\u00e5nd, d\u00e4ribland i n\u00e4mnda orter, b\u00e5de f\u00f6r nya hyresg\u00e4ster och vid separation. Personer, ofta ensamst\u00e5ende med barn, som annars inte lever upp till inkomstkraven kan p\u00e5 s\u00e5 vis ha en chans att bo kvar.<\/p>\n<p>De allra flesta som vr\u00e4ks fr\u00e5n sin bostad avvisas just p\u00e5 grund av obetald hyra. Med tanke p\u00e5 att antalet avhysningar totalt sett \u00f6kar efterfr\u00e5gar f\u00f6rfattarna till rapporten en utveckling av bostadsbidraget. Ut\u00f6ver det <a href=\"https:\/\/www.nyhetsbyranjarva.se\/nytt-ar-och-nya-lagar\/\" rel=\"nofollow noopener\" target=\"_blank\">nyligen h\u00f6jda bostadskostnadstaket<\/a> anser de att en indexering och breddning av bostadsbidraget f\u00f6r att det ska bli mer \u00e4ndam\u00e5lsenligt beh\u00f6vs.<\/p>\n<p><strong>David Johansson<\/strong>\n<\/p>\n<p>                    <a href=\"#\" rel=\"nofollow\" onclick=\"window.print(); return false;\" title=\"Printer Friendly, PDF &amp; Email\"><br \/>\n                    <img decoding=\"async\" class=\"pf-button-img\" src=\"https:\/\/www.europesays.com\/se\/wp-content\/uploads\/2025\/08\/printfriendly-pdf-button-nobg-md.png\" alt=\"Print Friendly, PDF &amp; Email\" style=\"width: 124px;height: 30px;\"\/><br \/>\n                    <\/a><\/p>\n","protected":false},"excerpt":{"rendered":"Allt fler personer vr\u00e4ks och antalet ber\u00f6rda barn \u00f6kar, enligt en ny rapport fr\u00e5n Sveriges Allm\u00e4nnytta. Men m\u00e5nga&hellip;\n","protected":false},"author":2,"featured_media":131584,"comment_status":"","ping_status":"","sticky":false,"template":"","format":"standard","meta":{"footnotes":""},"categories":[65],"tags":[13455,72,70,71,1429,34,11519,31,33,13456,32,30,1432,13457],"class_list":{"0":"post-131583","1":"post","2":"type-post","3":"status-publish","4":"format-standard","5":"has-post-thumbnail","7":"category-ekonomi","8":"tag-avhysning","9":"tag-business","10":"tag-economy","11":"tag-ekonomi","12":"tag-jarva","13":"tag-se","14":"tag-sveafastigheter","15":"tag-svenska","16":"tag-sverige","17":"tag-sveriges-allmannytta","18":"tag-sweden","19":"tag-swedish","20":"tag-topp","21":"tag-vrakningar"},"share_on_mastodon":{"url":"https:\/\/pubeurope.com\/@se\/115871345662377214","error":""},"_links":{"self":[{"href":"https:\/\/www.europesays.com\/se\/wp-json\/wp\/v2\/posts\/131583","targetHints":{"allow":["GET"]}}],"collection":[{"href":"https:\/\/www.europesays.com\/se\/wp-json\/wp\/v2\/posts"}],"about":[{"href":"https:\/\/www.europesays.com\/se\/wp-json\/wp\/v2\/types\/post"}],"author":[{"embeddable":true,"href":"https:\/\/www.europesays.com\/se\/wp-json\/wp\/v2\/users\/2"}],"replies":[{"embeddable":true,"href":"https:\/\/www.europesays.com\/se\/wp-json\/wp\/v2\/comments?post=131583"}],"version-history":[{"count":0,"href":"https:\/\/www.europesays.com\/se\/wp-json\/wp\/v2\/posts\/131583\/revisions"}],"wp:featuredmedia":[{"embeddable":true,"href":"https:\/\/www.europesays.com\/se\/wp-json\/wp\/v2\/media\/131584"}],"wp:attachment":[{"href":"https:\/\/www.europesays.com\/se\/wp-json\/wp\/v2\/media?parent=131583"}],"wp:term":[{"taxonomy":"category","embeddable":true,"href":"https:\/\/www.europesays.com\/se\/wp-json\/wp\/v2\/categories?post=131583"},{"taxonomy":"post_tag","embeddable":true,"href":"https:\/\/www.europesays.com\/se\/wp-json\/wp\/v2\/tags?post=131583"}],"curies":[{"name":"wp","href":"https:\/\/api.w.org\/{rel}","templated":true}]}}