{"id":131589,"date":"2026-01-10T14:51:15","date_gmt":"2026-01-10T14:51:15","guid":{"rendered":"https:\/\/www.europesays.com\/se\/131589\/"},"modified":"2026-01-10T14:51:15","modified_gmt":"2026-01-10T14:51:15","slug":"missen-i-pa-sparet-har-rakar-svt-avsloja-svaret","status":"publish","type":"post","link":"https:\/\/www.europesays.com\/se\/131589\/","title":{"rendered":"Missen i \u201dP\u00e5 sp\u00e5ret\u201d \u2013 h\u00e4r r\u00e5kar SVT avsl\u00f6ja svaret"},"content":{"rendered":"<p>Publicerad 10 jan 2026 kl 15.25Uppdaterad kl 15.38<\/p>\n<p>SVT r\u00e5kade visa svaret p\u00e5 en fr\u00e5ga i fredagens \u201dP\u00e5 sp\u00e5ret\u201d.<\/p>\n<p>Hann du se kanalens miss i rutan?<\/p>\n<p>\u2013 Det \u00e4r ett litet mysterium, s\u00e4ger producenten Andreas Uppman Nilsson.<\/p>\n<p><img loading=\"lazy\"   alt=\"\"\/><\/p>\n<p>F\u00f6rst \u00e4r namnet p\u00e5 fartyget maskat.<\/p>\n<p>Foto: SVT<\/p>\n<p>\u00d6ppna bild i helsk\u00e4rm<img loading=\"lazy\"   alt=\"\"\/><\/p>\n<p>Sedan f\u00f6rsvinner maskningen i bara n\u00e5gon sekund.<\/p>\n<p>Foto: SVT<\/p>\n<p>\u00d6ppna bild i helsk\u00e4rm<img loading=\"lazy\"   alt=\"\"\/><\/p>\n<p>Kristian Luuk n\u00e4r han r\u00e5kade s\u00e4ga Amy Diamond till Amy Deasismont f\u00f6rra veckan.<\/p>\n<p>\u00d6ppna bild i helsk\u00e4rm<\/p>\n<p>I fredagens \u201d<a href=\"https:\/\/www.expressen.se\/tagg\/organization\/pa-sparet\/\" class=\"\" rel=\"nofollow noopener\" target=\"_blank\">P\u00e5 sp\u00e5ret<\/a>\u201d sm\u00f6g det sig in en liten miss n\u00e4r programmet bes\u00f6kte S\u00f6lvesborg.<\/p>\n<p>N\u00e4r lagen fick fr\u00e5gan om namnet p\u00e5 fartyget som gick p\u00e5 grund utanf\u00f6r staden och l\u00e4ckte olja f\u00f6r n\u00e5gra \u00e5r sedan, visades en bild p\u00e5 b\u00e5ten.<\/p>\n<p>Namnet var dock maskat \u2013 n\u00e4stan hela tiden.<\/p>\n<p>I runt en sekund p\u00e5 slutet f\u00f6rsvinner dock maskningen och namnet Marco Polo syns.<\/p>\n<p>D\u00e4rmed avsl\u00f6jas ocks\u00e5 svaret p\u00e5 fr\u00e5gan.<\/p>\n<p>SVT:s svar om missen<\/p>\n<p>Andreas Uppman Nilsson som producerar programmet vet inte vad som har h\u00e4nt men ska ta reda p\u00e5 det och \u00e5tg\u00e4rda missen s\u00e5 fort som m\u00f6jligt.<\/p>\n<p>\u2013 Det \u00e4r ett litet mysterium. Men det m\u00e5ste vara s\u00e5 att i slutet av programredigeringen har det h\u00e4nt n\u00e5gonting, n\u00e5gon teknisk bugg, s\u00e5 att den h\u00e4r maskningen har f\u00f6rflyttat sig bara en eller tv\u00e5 bildrutor. F\u00f6r det flashar ju bara till, s\u00e4ger han till Expressen.<\/p>\n<p>\u201dBlir f\u00f6rst\u00f6rt\u201d<\/p>\n<p>SVT har hittills inte f\u00e5tt n\u00e5gra reaktioner fr\u00e5n tittare ang\u00e5ende missen.<\/p>\n<p>\u2013 Men det \u00e4r ju olyckligt om n\u00e5gon t\u00e4vlande i soffan hinner uppfatta det och tycker att det blir f\u00f6rst\u00f6rt, s\u00e4ger Uppman Nilsson.<\/p>\n<p>Producenten menar dock att det \u00e4r \u201dh\u00f6gst osannolikt\u201d att de t\u00e4vlande i programmet s\u00e5g namnet.<\/p>\n<p>\u2013 Vi tittar ju igenom fr\u00e5gefilmerna v\u00e4ldigt noggrant inf\u00f6r studieinspelningen. Och sen redigeras programmet efter inspelning, man justerar ljud och bild och n\u00e5gon bildruta kanske f\u00f6rskjuts n\u00e5gonstans, n\u00e5gonting s\u00e5dant m\u00e5ste ha h\u00e4nt, ber\u00e4ttar Uppman Nilsson som s\u00e4ger att SVT nu ska g\u00e5 till botten med vad som ligger bakom missen.<\/p>\n","protected":false},"excerpt":{"rendered":"Publicerad 10 jan 2026 kl 15.25Uppdaterad kl 15.38 SVT r\u00e5kade visa svaret p\u00e5 en fr\u00e5ga i fredagens \u201dP\u00e5&hellip;\n","protected":false},"author":2,"featured_media":131590,"comment_status":"","ping_status":"","sticky":false,"template":"","format":"standard","meta":{"footnotes":""},"categories":[67],"tags":[104,13458,5222,361,34,645,31,33,32,30,105],"class_list":{"0":"post-131589","1":"post","2":"type-post","3":"status-publish","4":"format-standard","5":"has-post-thumbnail","7":"category-underhallning","8":"tag-entertainment","9":"tag-location-solvesborg","10":"tag-organization-pa-sparet","11":"tag-organization-svt","12":"tag-se","13":"tag-sections-tv","14":"tag-svenska","15":"tag-sverige","16":"tag-sweden","17":"tag-swedish","18":"tag-underhallning"},"share_on_mastodon":{"url":"https:\/\/pubeurope.com\/@se\/115871369317211632","error":""},"_links":{"self":[{"href":"https:\/\/www.europesays.com\/se\/wp-json\/wp\/v2\/posts\/131589","targetHints":{"allow":["GET"]}}],"collection":[{"href":"https:\/\/www.europesays.com\/se\/wp-json\/wp\/v2\/posts"}],"about":[{"href":"https:\/\/www.europesays.com\/se\/wp-json\/wp\/v2\/types\/post"}],"author":[{"embeddable":true,"href":"https:\/\/www.europesays.com\/se\/wp-json\/wp\/v2\/users\/2"}],"replies":[{"embeddable":true,"href":"https:\/\/www.europesays.com\/se\/wp-json\/wp\/v2\/comments?post=131589"}],"version-history":[{"count":0,"href":"https:\/\/www.europesays.com\/se\/wp-json\/wp\/v2\/posts\/131589\/revisions"}],"wp:featuredmedia":[{"embeddable":true,"href":"https:\/\/www.europesays.com\/se\/wp-json\/wp\/v2\/media\/131590"}],"wp:attachment":[{"href":"https:\/\/www.europesays.com\/se\/wp-json\/wp\/v2\/media?parent=131589"}],"wp:term":[{"taxonomy":"category","embeddable":true,"href":"https:\/\/www.europesays.com\/se\/wp-json\/wp\/v2\/categories?post=131589"},{"taxonomy":"post_tag","embeddable":true,"href":"https:\/\/www.europesays.com\/se\/wp-json\/wp\/v2\/tags?post=131589"}],"curies":[{"name":"wp","href":"https:\/\/api.w.org\/{rel}","templated":true}]}}