{"id":131593,"date":"2026-01-10T14:56:09","date_gmt":"2026-01-10T14:56:09","guid":{"rendered":"https:\/\/www.europesays.com\/se\/131593\/"},"modified":"2026-01-10T14:56:09","modified_gmt":"2026-01-10T14:56:09","slug":"ice-vad-ar-det-for-myndighet-och-vad-far-agenterna-gora","status":"publish","type":"post","link":"https:\/\/www.europesays.com\/se\/131593\/","title":{"rendered":"ICE \u2013 vad \u00e4r det f\u00f6r myndighet och vad f\u00e5r agenterna g\u00f6ra?"},"content":{"rendered":"<p>En 37-\u00e5rig kvinna i Minnesota sk\u00f6ts ihj\u00e4l av en federal ICE-agent i onsdags.<\/p>\n<p>Nu intensifieras kritiken mot myndigheten vars befogenheter och budget bara \u00f6kat under Donald Trump.<\/p>\n<p>\u2013 Insatserna \u00e4r ett hot mot allm\u00e4nhetens s\u00e4kerhet, s\u00e4ger Minnesotas guvern\u00f6r Tim Walz.<\/p>\n<p><img   alt=\"\"\/><\/p>\n<p>ICE-agenter i Minneapolis d\u00e4r en 37-\u00e5rig kvinna sk\u00f6ts ihj\u00e4l i onsdags.<\/p>\n<p>Foto: AA \/ STELLA PICTURES<\/p>\n<p>\u00d6ppna bild i helsk\u00e4rm<\/p>\n<p>Ett av Donald Trumps vanligaste utspel i valr\u00f6relsen var l\u00f6ftet att utvisa migranter fr\u00e5n USA. Ett \u00e5r in i sin andra mandatperiod har hans administration kraftigt \u00f6kat budgeten f\u00f6r den federala myndigheten ICE \u2013 f\u00f6rkortning f\u00f6r Immigration and Customs Enforcement Agency \u2013\u00a0och resultatet \u00e4r att bev\u00e4pnade, ofta maskerade agenter genomf\u00f6r gripanden i flera amerikanska st\u00e4der.<\/p>\n<p>Beroende p\u00e5 vem man fr\u00e5gar har ICE b\u00e5de starkt st\u00f6d och \u00e4r utsatt f\u00f6r massiv kritik. Men vad \u00e4r det egentligen f\u00f6r myndighet? Och vad f\u00e5r dess agenter g\u00f6ra och inte g\u00f6ra?<\/p>\n<p>Vad \u00e4r ICE?<\/p>\n<p>Myndigheten har funnits sedan 2002 och \u00e4r en del av Departementet f\u00f6r inrikes s\u00e4kerhet (DHS), som kom till som ett svar p\u00e5 terrord\u00e5den den 11 september 2001. ICE:s roll \u00e4r bland annat att uppr\u00e4tth\u00e5lla USA:s migrationslagar och utreda olaglig invandring.<\/p>\n<p>Vilka befogenheter har ICE att gripa m\u00e4nniskor?<\/p>\n<p>ICE-agenter kan stoppa och gripa personer som misst\u00e4nks befinna sig olagligt i USA. Men n\u00e4r det kommer till amerikanska medborgare \u00e4r restriktionerna h\u00e5rdare: ICE-agenter f\u00e5r endast frihetsber\u00f6va en amerikansk medborgare om personen hindrar ett gripande eller bed\u00f6ms vara v\u00e5ldsam. Trots restriktionerna har fler \u00e4n 170 amerikanska medborgare <a href=\"https:\/\/www.bbc.com\/news\/articles\/cp80ljjd5rwo\" rel=\"nofollow noopener\" target=\"_blank\">gripits mot sin vilja<\/a> senaste \u00e5ret.\u00a0<\/p>\n<p><img loading=\"lazy\"   alt=\"\"\/><\/p>\n<p>ICE-agenter inifr\u00e5n en migrationsr\u00e4ttsbyggnad i New York.<\/p>\n<p>Foto: NIGRO\/PACIFIC PRESS\/SHUTTERSTOCK \/ SHUTTERSTOCK EDITORIAL\/IBL<\/p>\n<p>\u00d6ppna bild i helsk\u00e4rmVad h\u00e4nder med personer som grips av ICE?<\/p>\n<p>Vissa h\u00e5lls f\u00f6r kortare f\u00f6rh\u00f6r och sl\u00e4pps efter det. Andra f\u00f6rs till st\u00f6rre h\u00e4ktesanl\u00e4ggningar \u2013 det finns flera runtom i USA \u2013\u00a0och oftast kopplas juridiska ombud in. I slut\u00e4nden riskerar gripna att utvisas fr\u00e5n USA. Kring 65 000 personer s\u00e4gs ha varit i ICE-f\u00f6rvar i slutet av 2025.<\/p>\n<p>Vilka befogenheter har ICE att bruka v\u00e5ld?<\/p>\n<p>Den lagliga r\u00e4tten f\u00f6r ICE-agenter att bruka v\u00e5ld \u00e4r styrd av flera olika faktorer, som departementets egna riktlinjer, amerikansk lag och den amerikanska konstitutionen. I grunden handlar det om hur man tolkar begreppet sj\u00e4lvf\u00f6rsvar. Riktlinjerna fr\u00e5n departementet \u00e4r att ICE-agenterna f\u00e5r anv\u00e4nda d\u00f6dligt v\u00e5ld \u201dn\u00e4r det \u00e4r n\u00f6dv\u00e4ndigt\u201d eller n\u00e4r de har anledning att tro att n\u00e5gon utg\u00f6r ett fysiskt eller d\u00f6dligt hot.<\/p>\n<p>Annons<\/p>\n<p>Varf\u00f6r \u00e4r ICE-agenter maskerade?<\/p>\n<p>Enligt dem sj\u00e4lva \u00e4r det f\u00f6r att <a href=\"https:\/\/www.ice.gov\/immigration-enforcement-frequently-asked-questions\" rel=\"nofollow noopener\" target=\"_blank\">skydda sin egen identitet<\/a>, och sin egen och sina familjers s\u00e4kerhet. Men alla ICE-agenter b\u00e4r ocks\u00e5 identifikationshandlingar.<\/p>\n<p>Varf\u00f6r har ICE f\u00e5tt \u00f6kad budget?<\/p>\n<p>Trumpadministrationen har kraftigt \u00f6kat de \u00e5rliga anslagen till ICE fr\u00e5n 8 miljarder dollar till 28 miljarder dollar, vilket gjort att ICE f\u00e5r <a href=\"https:\/\/www.nytimes.com\/2025\/07\/12\/us\/politics\/ice-expansion-concerns.html\" rel=\"nofollow noopener\" target=\"_blank\">enskilt mest pengar<\/a> av hela den amerikanska federala brottsbek\u00e4mpningen. Pengarna har bland annat g\u00e5tt till att rekrytera fler agenter \u2013\u00a0en kampanj i somras satsade p\u00e5 att \u00f6ka antalet med 10 000 nya agenter ut\u00f6ver de 6 000 man redan hade.<\/p>\n<p><img loading=\"lazy\"   alt=\"\"\/> <\/p>\n<p>Foto: MICHELE EVE SANDBERG \/ STELLA PICTURES<\/p>\n<p>\u00d6ppna bild i helsk\u00e4rmVarf\u00f6r demonstrerar m\u00e5nga mot ICE?<\/p>\n<p>I flera st\u00e4der och bostadsomr\u00e5den, och kring flera federala h\u00e4ktesanl\u00e4ggningar, har ICE-agenter m\u00f6tts av demonstranter som ifr\u00e5gas\u00e4tter b\u00e5de myndighetens agenda och ICE-agenternas metoder. M\u00e5nga har ocks\u00e5 tagit till vana att filma ICE-agenter \u2013 bland annat hamnade <a href=\"https:\/\/www.expressen.se\/nyheter\/varlden\/renee-good-37-skots-ihjal-av-ice-\/\" rel=\"nofollow noopener\" target=\"_blank\">d\u00f6dsskjutningen i Minneapolis p\u00e5 film<\/a> \u2013 f\u00f6r att kunna dokumentera ingripanden. Inte s\u00e4llan blir m\u00f6ten mellan demonstranter och ICE-agenter aggressiva eller v\u00e5ldsamma.<\/p>\n<p>Motst\u00e5ndet sker \u00e4ven p\u00e5 juridisk v\u00e4g. Efter ICE-ingripanden i Chicago gick flera medieorganisationer samman och st\u00e4mde myndigheten f\u00f6r att ha utf\u00f6rt \u00f6verv\u00e5ld mot journalister, religi\u00f6sa ledare och demonstranter.<\/p>\n<p>Politiskt sett har ICE och dess agenter blivit ett slagtr\u00e4. Efter skjutningen i Minnesota har Donald Trump menat att kritiken mot ICE kommer ur en radikalv\u00e4nster som \u00e4r v\u00e5ldsam och fylld av hat. Minneapolis demokratiska borgm\u00e4stare Jacob Frey sa i st\u00e4llet att <a href=\"https:\/\/www.bbc.com\/news\/articles\/c93vny222geo\" rel=\"nofollow noopener\" target=\"_blank\">ICE-agenten anv\u00e4nt h\u00e4nsynsl\u00f6st v\u00e5ld<\/a>.\u00a0<\/p>\n<p>Delstatens guvern\u00f6r <a href=\"https:\/\/www.expressen.se\/tagg\/person\/tim-walz\/\" class=\"\" rel=\"nofollow noopener\" target=\"_blank\">Tim Walz<\/a> kallade h\u00e4ndelsen f\u00f6r \u201dhelt f\u00f6ruts\u00e4gbar\u201d.<\/p>\n<p>\u2013 Insatserna \u00e4r ett hot mot allm\u00e4nhetens s\u00e4kerhet, s\u00e4ger han.<\/p>\n","protected":false},"excerpt":{"rendered":"En 37-\u00e5rig kvinna i Minnesota sk\u00f6ts ihj\u00e4l av en federal ICE-agent i onsdags. Nu intensifieras kritiken mot myndigheten&hellip;\n","protected":false},"author":2,"featured_media":131594,"comment_status":"","ping_status":"","sticky":false,"template":"","format":"standard","meta":{"footnotes":""},"categories":[5],"tags":[22,23,26,27,17,21,24,25,13459,28,29,15,13460,16,198,12905,18,34,55,31,33,32,30,19,204,20],"class_list":{"0":"post-131593","1":"post","2":"type-post","3":"status-publish","4":"format-standard","5":"has-post-thumbnail","7":"category-rubriker","8":"tag-breaking-news","9":"tag-breakingnews","10":"tag-featured-news","11":"tag-featurednews","12":"tag-headlines","13":"tag-huvudnyheter","14":"tag-latest-news","15":"tag-latestnews","16":"tag-location-minnesota","17":"tag-main-news","18":"tag-mainnews","19":"tag-news","20":"tag-newsstory-protesterna-mot-ice-i-usa","21":"tag-nyheter","22":"tag-person-donald-trump","23":"tag-person-tim-walz","24":"tag-rubriker","25":"tag-se","26":"tag-sections-varlden","27":"tag-svenska","28":"tag-sverige","29":"tag-sweden","30":"tag-swedish","31":"tag-top-stories","32":"tag-topic-amerikansk-politik","33":"tag-topstories"},"share_on_mastodon":{"url":"https:\/\/pubeurope.com\/@se\/115871389003221031","error":""},"_links":{"self":[{"href":"https:\/\/www.europesays.com\/se\/wp-json\/wp\/v2\/posts\/131593","targetHints":{"allow":["GET"]}}],"collection":[{"href":"https:\/\/www.europesays.com\/se\/wp-json\/wp\/v2\/posts"}],"about":[{"href":"https:\/\/www.europesays.com\/se\/wp-json\/wp\/v2\/types\/post"}],"author":[{"embeddable":true,"href":"https:\/\/www.europesays.com\/se\/wp-json\/wp\/v2\/users\/2"}],"replies":[{"embeddable":true,"href":"https:\/\/www.europesays.com\/se\/wp-json\/wp\/v2\/comments?post=131593"}],"version-history":[{"count":0,"href":"https:\/\/www.europesays.com\/se\/wp-json\/wp\/v2\/posts\/131593\/revisions"}],"wp:featuredmedia":[{"embeddable":true,"href":"https:\/\/www.europesays.com\/se\/wp-json\/wp\/v2\/media\/131594"}],"wp:attachment":[{"href":"https:\/\/www.europesays.com\/se\/wp-json\/wp\/v2\/media?parent=131593"}],"wp:term":[{"taxonomy":"category","embeddable":true,"href":"https:\/\/www.europesays.com\/se\/wp-json\/wp\/v2\/categories?post=131593"},{"taxonomy":"post_tag","embeddable":true,"href":"https:\/\/www.europesays.com\/se\/wp-json\/wp\/v2\/tags?post=131593"}],"curies":[{"name":"wp","href":"https:\/\/api.w.org\/{rel}","templated":true}]}}