{"id":131599,"date":"2026-01-10T15:03:14","date_gmt":"2026-01-10T15:03:14","guid":{"rendered":"https:\/\/www.europesays.com\/se\/131599\/"},"modified":"2026-01-10T15:03:14","modified_gmt":"2026-01-10T15:03:14","slug":"80-aring-lamnades-ute-i-snoovader-i-kungsbacka","status":"publish","type":"post","link":"https:\/\/www.europesays.com\/se\/131599\/","title":{"rendered":"80-\u00e5ring l\u00e4mnades ute i sn\u00f6ov\u00e4der i Kungsbacka"},"content":{"rendered":"<p>Publicerad 10 jan 2026 kl 11.44Uppdaterad kl 14.40<\/p>\n<p>Rullstolsburne Kaj Hake, 80, l\u00e4mnades efter en taxiresa hem fr\u00e5n sjukhuset ensam i sn\u00f6ov\u00e4dret.\u00a0<\/p>\n<p>Han hittades f\u00f6rst \u00e5tta timmar senare.\u00a0<\/p>\n<p>\u2013 Hade det varit kallare hade han nog inte levt, s\u00e4ger sonen Johan Hake. \u00a0<\/p>\n<p><img   alt=\"\"\/><\/p>\n<p>Kaj Hake tvingades sitta ute i sn\u00f6 och minusgrader.<\/p>\n<p>Foto: Privat<\/p>\n<p>\u00d6ppna bild i helsk\u00e4rm<img loading=\"lazy\"   alt=\"\"\/><\/p>\n<p>Arkivbild.<\/p>\n<p>Foto: CARA ANNA \/ AP TT NYHETSBYR\u00c5N<\/p>\n<p>\u00d6ppna bild i helsk\u00e4rm<\/p>\n<p>Efter att 80-\u00e5rige Kaj Hake hade varit p\u00e5 Varbergs sjukhus p\u00e5 onsdagskv\u00e4llen k\u00f6rdes han hem till \u00e4ldreboendet i <a href=\"https:\/\/www.expressen.se\/tagg\/location\/kungsbacka\/\" class=\"\" rel=\"nofollow noopener\" target=\"_blank\">Kungsbacka<\/a> med sjuktaxi.\u00a0<\/p>\n<p>Tidigare har Kaj, som \u00e4r rullstolsburen, f\u00e5tt hj\u00e4lp hela v\u00e4gen in, men den h\u00e4r g\u00e5ngen l\u00e4mnades han flera meter framf\u00f6r entr\u00e9d\u00f6rren \u2013 och chauff\u00f6ren \u00e5kte d\u00e4rifr\u00e5n, n\u00e5gonting <a href=\"https:\/\/www.kungsbackaposten.se\/nyheter\/kaj-80-blev-sittande-i-kraftiga-snofallet-utanfor-aldreboendet-en-hel-natt.45fd2cb5-9368-461a-a9ae-8c0f890551a2\" rel=\"nofollow noopener\" target=\"_blank\">Kungsbackaposten<\/a> var f\u00f6rst att rapportera om.\u00a0<\/p>\n<p>\u2013 Det hade fallit sn\u00f6 i flera dagar, sn\u00f6n gjorde att han inte kunde k\u00f6ra sj\u00e4lv, s\u00e4ger Kajs son Johan Hake.<\/p>\n<p>\u2013 Enligt pappa sa han till chauff\u00f6ren att han inte kunde ta sig till d\u00f6rrarna sj\u00e4lv, men chauff\u00f6ren bara sl\u00e4ppte av honom.<\/p>\n<p>Klockan var d\u00e5 runt 21.45. Kaj ringde \u00e4ldreboendet f\u00f6r hj\u00e4lp, men mobiltelefonens batterier tog slut, och eftersom han har nedsatt lungkapacitet kunde han heller inte ropa h\u00f6gt eller l\u00e4nge, ber\u00e4ttar Johan Hake.<\/p>\n<p>\u2013 Han blev sittande utomhus i sn\u00f6storm, hela natten.\u00a0<\/p>\n<p><img loading=\"lazy\"   alt=\"\"\/><\/p>\n<p>I vanliga fall tar Kaj sig fram med permobil, men vid sjukresor anv\u00e4nder han en rullstol, vilken var sv\u00e5r att k\u00f6ra i all sn\u00f6.<\/p>\n<p>Foto: Privat<\/p>\n<p>\u00d6ppna bild i helsk\u00e4rm<\/p>\n<p>F\u00f6rst \u00e5tta timmar senare, n\u00e4r nattpersonalen skulle g\u00e5 hem strax f\u00f6re klockan sex p\u00e5 torsdagsmorgonen uppt\u00e4cktes Kaj.<\/p>\n<p>D\u00e5 var han kraftigt nedkyld med en kroppstemperatur p\u00e5 33 grader.\u00a0<\/p>\n<p>Personalen larmade ambulans och Kaj f\u00f6rdes till sjukhus, d\u00e4r han nu v\u00e5rdas f\u00f6r feber och lunginflammation.<\/p>\n<p>\u2013 Han har ber\u00e4ttat att han k\u00e4nde sig hj\u00e4lpl\u00f6s. Och fr\u00f6s. Det gick m\u00e5nga tankar utan telefon och han satt och v\u00e4ntade p\u00e5 att n\u00e5n annan skulle komma. Det \u00e4r hemskt att t\u00e4nka hur han m\u00e5ste m\u00e5tt. Mamma bara gr\u00e4t n\u00e4r hon fick veta, s\u00e4ger Johan Hake.<\/p>\n<p><img loading=\"lazy\"   alt=\"\"\/><\/p>\n<p>Johan Hake, son till Kaj Hake.<\/p>\n<p>Foto: Privat<\/p>\n<p>\u00d6ppna bild i helsk\u00e4rmBoendet m\u00e4rkte inte<\/p>\n<p>\u00c4ldreboendet ska ha f\u00f6rs\u00f6kt ta reda p\u00e5 om transporten anl\u00e4nt, men senare antog de att resan st\u00e4llts in p\u00e5 grund av v\u00e4dret.<\/p>\n<p>\u2013 Jag vill inte lasta boendet, de har sk\u00f6tt det j\u00e4ttebra. Bristen \u00e4r att de inte f\u00e5r information om att han \u00e4r p\u00e5 v\u00e4g och att chauff\u00f6ren som inte ser till att pappa kommer in, s\u00e4ger Johan.<\/p>\n<p>F\u00f6raren avst\u00e4ngd<\/p>\n<p>Daniel Bernhardt \u00e4r verksamhetschef f\u00f6r s\u00e4rskild kollektivtrafik p\u00e5 Hallandstrafiken s\u00e4ger att det fanns anteckning om att Kaj skulle hj\u00e4lpas till d\u00f6rren, inte in i byggnaden, ser allvarligt p\u00e5 situationen och menar att chauff\u00f6rens omd\u00f6me brustit.\u00a0<\/p>\n<p>\u2013Man hade kunnat v\u00e4nta ett par sekunder och se s\u00e5 att han kommit in, inte minst med tanke p\u00e5 att det var en sn\u00f6ig kv\u00e4ll, s\u00e4ger han till <a href=\"https:\/\/www.kungsbackaposten.se\/nyheter\/kaj-80-blev-sittande-i-kraftiga-snofallet-utanfor-aldreboendet-en-hel-natt.45fd2cb5-9368-461a-a9ae-8c0f890551a2\" rel=\"nofollow noopener\" target=\"_blank\">Kungsbacka Posten.\u00a0<\/a><\/p>\n<p>Chauff\u00f6ren \u00e4r avst\u00e4ngd och Hallandstrafiken utreder h\u00e4ndelsen.\u00a0<\/p>\n<p>Sonen planerar att polisanm\u00e4la taxibolaget.<\/p>\n<p>\u2013 Jag kommer anm\u00e4la i dag, s\u00e5nt h\u00e4r ska inte f\u00e5 h\u00e4nda, s\u00e4ger Johan Hake.<\/p>\n<p>Expressen har s\u00f6kt Hallandstrafiken.\u00a0<\/p>\n","protected":false},"excerpt":{"rendered":"Publicerad 10 jan 2026 kl 11.44Uppdaterad kl 14.40 Rullstolsburne Kaj Hake, 80, l\u00e4mnades efter en taxiresa hem fr\u00e5n&hellip;\n","protected":false},"author":2,"featured_media":131600,"comment_status":"","ping_status":"","sticky":false,"template":"","format":"standard","meta":{"footnotes":""},"categories":[12],"tags":[22,23,26,27,17,21,24,25,784,13461,28,29,15,16,18,34,154,31,33,32,30,19,892,20],"class_list":{"0":"post-131599","1":"post","2":"type-post","3":"status-publish","4":"format-standard","5":"has-post-thumbnail","7":"category-sverige","8":"tag-breaking-news","9":"tag-breakingnews","10":"tag-featured-news","11":"tag-featurednews","12":"tag-headlines","13":"tag-huvudnyheter","14":"tag-latest-news","15":"tag-latestnews","16":"tag-location-halland","17":"tag-location-kungsbacka","18":"tag-main-news","19":"tag-mainnews","20":"tag-news","21":"tag-nyheter","22":"tag-rubriker","23":"tag-se","24":"tag-sections-sverige","25":"tag-svenska","26":"tag-sverige","27":"tag-sweden","28":"tag-swedish","29":"tag-top-stories","30":"tag-topic-aldreomsorg","31":"tag-topstories"},"share_on_mastodon":{"url":"https:\/\/pubeurope.com\/@se\/115871416555700598","error":""},"_links":{"self":[{"href":"https:\/\/www.europesays.com\/se\/wp-json\/wp\/v2\/posts\/131599","targetHints":{"allow":["GET"]}}],"collection":[{"href":"https:\/\/www.europesays.com\/se\/wp-json\/wp\/v2\/posts"}],"about":[{"href":"https:\/\/www.europesays.com\/se\/wp-json\/wp\/v2\/types\/post"}],"author":[{"embeddable":true,"href":"https:\/\/www.europesays.com\/se\/wp-json\/wp\/v2\/users\/2"}],"replies":[{"embeddable":true,"href":"https:\/\/www.europesays.com\/se\/wp-json\/wp\/v2\/comments?post=131599"}],"version-history":[{"count":0,"href":"https:\/\/www.europesays.com\/se\/wp-json\/wp\/v2\/posts\/131599\/revisions"}],"wp:featuredmedia":[{"embeddable":true,"href":"https:\/\/www.europesays.com\/se\/wp-json\/wp\/v2\/media\/131600"}],"wp:attachment":[{"href":"https:\/\/www.europesays.com\/se\/wp-json\/wp\/v2\/media?parent=131599"}],"wp:term":[{"taxonomy":"category","embeddable":true,"href":"https:\/\/www.europesays.com\/se\/wp-json\/wp\/v2\/categories?post=131599"},{"taxonomy":"post_tag","embeddable":true,"href":"https:\/\/www.europesays.com\/se\/wp-json\/wp\/v2\/tags?post=131599"}],"curies":[{"name":"wp","href":"https:\/\/api.w.org\/{rel}","templated":true}]}}