{"id":131603,"date":"2026-01-10T15:06:11","date_gmt":"2026-01-10T15:06:11","guid":{"rendered":"https:\/\/www.europesays.com\/se\/131603\/"},"modified":"2026-01-10T15:06:11","modified_gmt":"2026-01-10T15:06:11","slug":"succen-pa-pallen-trots-sex-bom-lag-niva","status":"publish","type":"post","link":"https:\/\/www.europesays.com\/se\/131603\/","title":{"rendered":"Succ\u00e9n \u2013 p\u00e5 pallen trots sex (!) bom: \u201dL\u00e5g niv\u00e5\u201d"},"content":{"rendered":"<p class=\"sc-c25743f0-0 sc-e37c0145-2 hObFds DQgPn\"><strong>Det blev ingen tr\u00e4ffs\u00e4ker uppvisning p\u00e5 vallen \u2013 men dramatik saknades det inte i l\u00f6rdagens jaktstart.<\/strong><\/p>\n<p class=\"sc-c25743f0-0 sc-e37c0145-2 hObFds DQgPn\"><strong>Sebastian Samuelsson k\u00f6rde hela v\u00e4gen till pallen trots en skakig skyttedag.<\/strong><\/p>\n<blockquote class=\"sc-d641d43c-1 hRLkKT\">\n<p class=\"sc-c25743f0-0 sc-e37c0145-2 hObFds DQgPn\"><strong>Jag \u00e4r v\u00e4l inte skitn\u00f6jd med att skjuta sex bom, s\u00e4ger svensken i SVT:s tv-s\u00e4ndning. <\/strong><\/p>\n<\/blockquote>\n<p class=\"sc-c25743f0-0 sc-e37c0145-2 hObFds DQgPn\">Den h\u00e5rda vinden gjorde skjutvallen i Oberhof till ett lotteri under jaktstarten. Skotten fl\u00f6g \u00e5t alla h\u00e5ll och knappt n\u00e5gon \u00e5kare klarade sig undan bommarna.<\/p>\n<p class=\"sc-c25743f0-0 sc-e37c0145-2 hObFds DQgPn\">Inte heller svenskarna.<\/p>\n<p class=\"sc-c25743f0-0 sc-e37c0145-2 hObFds DQgPn\">Sebastian Samuelsson fick se hela sex skott missas, men stod \u00e4nd\u00e5 f\u00f6r en stark upph\u00e4mtning. Fr\u00e5n fj\u00e4rde plats k\u00f6rde han sig upp till tredje och s\u00e4krade d\u00e4rmed en pallplats trots de sv\u00e5ra f\u00f6rh\u00e5llandena.<\/p>\n<blockquote class=\"sc-d641d43c-1 hRLkKT\">\n<p class=\"sc-c25743f0-0 sc-e37c0145-2 hObFds DQgPn\">Det var l\u00e5g niv\u00e5 rakt igenom p\u00e5 allihopa. Jag \u00e4r v\u00e4l inte skitn\u00f6jd med att skjuta sex bom, men samtidigt var det ju inte s\u00e5 m\u00e5nga som gjorde det b\u00e4ttre, s\u00e4ger Samuelsson.<\/p>\n<\/blockquote>\n<p class=\"sc-c25743f0-0 sc-e37c0145-2 hObFds DQgPn\">N\u00e5gon f\u00f6rklaring till missfesten har han inte riktigt. <\/p>\n<blockquote class=\"sc-d641d43c-1 hRLkKT\">\n<p class=\"sc-c25743f0-0 sc-e37c0145-2 hObFds DQgPn\">Jag vet inte. Det var en konstig t\u00e4vling. Jag fr\u00f6s lite om h\u00e4nderna i f\u00f6rsta skyttet. Man ska ju g\u00f6ra det b\u00e4ttre men jag f\u00e5r vara glad med en tredje plats. Det \u00e4r inte alla g\u00e5nger man \u00e4r p\u00e5 pallen, n\u00e4r man \u00e4r det f\u00e5r man vara n\u00f6jd, s\u00e4ger han. <\/p>\n<\/blockquote>\n<p class=\"sc-c25743f0-0 sc-e37c0145-2 hObFds DQgPn\">Italienske Tommaso Giacomel hade samma bekymmer p\u00e5 vallen med sex bom, men visade \u00e5terigen prov p\u00e5 h\u00f6g klass i sp\u00e5ret. Precis som i torsdags gick han segrande ur striden \u00e4ven p\u00e5 l\u00f6rdagen.<\/p>\n<p class=\"sc-c25743f0-0 sc-e37c0145-2 hObFds DQgPn\">Martin Ponsiluoma svarade ocks\u00e5 f\u00f6r en imponerande insats. Trots sex straffrundor avancerade han nio placeringar \u2013 fr\u00e5n 14:e till femte plats.<\/p>\n","protected":false},"excerpt":{"rendered":"Det blev ingen tr\u00e4ffs\u00e4ker uppvisning p\u00e5 vallen \u2013 men dramatik saknades det inte i l\u00f6rdagens jaktstart. Sebastian Samuelsson&hellip;\n","protected":false},"author":2,"featured_media":131604,"comment_status":"","ping_status":"","sticky":false,"template":"","format":"standard","meta":{"footnotes":""},"categories":[68],"tags":[34,111,110,31,33,32,30],"class_list":{"0":"post-131603","1":"post","2":"type-post","3":"status-publish","4":"format-standard","5":"has-post-thumbnail","7":"category-sport","8":"tag-se","9":"tag-sport","10":"tag-sports","11":"tag-svenska","12":"tag-sverige","13":"tag-sweden","14":"tag-swedish"},"share_on_mastodon":{"url":"https:\/\/pubeurope.com\/@se\/115871428353634245","error":""},"_links":{"self":[{"href":"https:\/\/www.europesays.com\/se\/wp-json\/wp\/v2\/posts\/131603","targetHints":{"allow":["GET"]}}],"collection":[{"href":"https:\/\/www.europesays.com\/se\/wp-json\/wp\/v2\/posts"}],"about":[{"href":"https:\/\/www.europesays.com\/se\/wp-json\/wp\/v2\/types\/post"}],"author":[{"embeddable":true,"href":"https:\/\/www.europesays.com\/se\/wp-json\/wp\/v2\/users\/2"}],"replies":[{"embeddable":true,"href":"https:\/\/www.europesays.com\/se\/wp-json\/wp\/v2\/comments?post=131603"}],"version-history":[{"count":0,"href":"https:\/\/www.europesays.com\/se\/wp-json\/wp\/v2\/posts\/131603\/revisions"}],"wp:featuredmedia":[{"embeddable":true,"href":"https:\/\/www.europesays.com\/se\/wp-json\/wp\/v2\/media\/131604"}],"wp:attachment":[{"href":"https:\/\/www.europesays.com\/se\/wp-json\/wp\/v2\/media?parent=131603"}],"wp:term":[{"taxonomy":"category","embeddable":true,"href":"https:\/\/www.europesays.com\/se\/wp-json\/wp\/v2\/categories?post=131603"},{"taxonomy":"post_tag","embeddable":true,"href":"https:\/\/www.europesays.com\/se\/wp-json\/wp\/v2\/tags?post=131603"}],"curies":[{"name":"wp","href":"https:\/\/api.w.org\/{rel}","templated":true}]}}