{"id":131605,"date":"2026-01-10T15:12:25","date_gmt":"2026-01-10T15:12:25","guid":{"rendered":"https:\/\/www.europesays.com\/se\/131605\/"},"modified":"2026-01-10T15:12:25","modified_gmt":"2026-01-10T15:12:25","slug":"bil-korde-av-e4-norr-om-bjorklinge","status":"publish","type":"post","link":"https:\/\/www.europesays.com\/se\/131605\/","title":{"rendered":"Bil k\u00f6rde av E4 norr om Bj\u00f6rklinge"},"content":{"rendered":"<p>Vid 10.39 p\u00e5 l\u00f6rdagens kontaktades polisen om en bil som har k\u00f6rt av v\u00e4gen in i sn\u00f6n p\u00e5 E4 strax norr om L\u00e4by i h\u00f6jd med Gryttby.Det finns inga uppgifter om personskador och f\u00f6raren har sj\u00e4lvt tillkallat b\u00e4rgare. Varken r\u00e4ddningstj\u00e4nst eller polis har \u00e5kt ut till platsen.\u2013 Bilen ska inte st\u00e5 trafikfarligt till och det finns ingen misstanke om brott, s\u00e4ger Stefan Larss<\/p>\n","protected":false},"excerpt":{"rendered":"Vid 10.39 p\u00e5 l\u00f6rdagens kontaktades polisen om en bil som har k\u00f6rt av v\u00e4gen in i sn\u00f6n p\u00e5&hellip;\n","protected":false},"author":2,"featured_media":1027,"comment_status":"","ping_status":"","sticky":false,"template":"","format":"standard","meta":{"footnotes":""},"categories":[5],"tags":[22,23,26,27,17,21,24,25,28,29,15,16,18,34,31,33,32,30,19,20],"class_list":{"0":"post-131605","1":"post","2":"type-post","3":"status-publish","4":"format-standard","5":"has-post-thumbnail","7":"category-rubriker","8":"tag-breaking-news","9":"tag-breakingnews","10":"tag-featured-news","11":"tag-featurednews","12":"tag-headlines","13":"tag-huvudnyheter","14":"tag-latest-news","15":"tag-latestnews","16":"tag-main-news","17":"tag-mainnews","18":"tag-news","19":"tag-nyheter","20":"tag-rubriker","21":"tag-se","22":"tag-svenska","23":"tag-sverige","24":"tag-sweden","25":"tag-swedish","26":"tag-top-stories","27":"tag-topstories"},"share_on_mastodon":{"url":"https:\/\/pubeurope.com\/@se\/115871451883238883","error":""},"_links":{"self":[{"href":"https:\/\/www.europesays.com\/se\/wp-json\/wp\/v2\/posts\/131605","targetHints":{"allow":["GET"]}}],"collection":[{"href":"https:\/\/www.europesays.com\/se\/wp-json\/wp\/v2\/posts"}],"about":[{"href":"https:\/\/www.europesays.com\/se\/wp-json\/wp\/v2\/types\/post"}],"author":[{"embeddable":true,"href":"https:\/\/www.europesays.com\/se\/wp-json\/wp\/v2\/users\/2"}],"replies":[{"embeddable":true,"href":"https:\/\/www.europesays.com\/se\/wp-json\/wp\/v2\/comments?post=131605"}],"version-history":[{"count":0,"href":"https:\/\/www.europesays.com\/se\/wp-json\/wp\/v2\/posts\/131605\/revisions"}],"wp:featuredmedia":[{"embeddable":true,"href":"https:\/\/www.europesays.com\/se\/wp-json\/wp\/v2\/media\/1027"}],"wp:attachment":[{"href":"https:\/\/www.europesays.com\/se\/wp-json\/wp\/v2\/media?parent=131605"}],"wp:term":[{"taxonomy":"category","embeddable":true,"href":"https:\/\/www.europesays.com\/se\/wp-json\/wp\/v2\/categories?post=131605"},{"taxonomy":"post_tag","embeddable":true,"href":"https:\/\/www.europesays.com\/se\/wp-json\/wp\/v2\/tags?post=131605"}],"curies":[{"name":"wp","href":"https:\/\/api.w.org\/{rel}","templated":true}]}}