{"id":131610,"date":"2026-01-10T15:20:40","date_gmt":"2026-01-10T15:20:40","guid":{"rendered":"https:\/\/www.europesays.com\/se\/131610\/"},"modified":"2026-01-10T15:20:40","modified_gmt":"2026-01-10T15:20:40","slug":"starka-reaktioner-nar-usa-lamnar-klimatkonventionen","status":"publish","type":"post","link":"https:\/\/www.europesays.com\/se\/131610\/","title":{"rendered":"Starka reaktioner n\u00e4r USA l\u00e4mnar klimatkonventionen"},"content":{"rendered":"<p class=\"is-style-preamble\">USA:s besked att man l\u00e4mnar FN:s klimatkonvention samt ytterligare ett 60-tal internationella organisationer v\u00e4cker starka reaktioner. FN:s klimatchef Simon Stiell kallar beslutet f\u00f6r ett gigantiskt sj\u00e4lvm\u00e5l, som bara kan skada amerikansk ekonomi och levnadsstandard.<\/p>\n<p>                        Prenumerera p\u00e5 Extrakts nyhetsbrev!<\/p>\n<p>L\u00e4s mer<\/p>\n<p>H\u00e5ll dig uppdaterad! F\u00e5 kunskapen, id\u00e9erna och de nya l\u00f6sningarna f\u00f6r ett h\u00e5llbart samh\u00e4lle.<\/p>\n<p>\n\tTack f\u00f6r din prenumeration p\u00e5 nyhetsbrevet Extrakt! F\u00f6r att bekr\u00e4fta din prenumeration, v\u00e4nligen klicka p\u00e5 l\u00e4nken som vi har skickat till din e-postadress.<\/p>\n<p class=\"small\">Personuppgifter lagras endast f\u00f6r utskick av Extrakts nyhetsbrev och information kopplat till Extrakts verksamhet. Du kan n\u00e4r som helst s\u00e4ga upp nyhetsbrevet, vilket inneb\u00e4r att du inte l\u00e4ngre kommer att f\u00e5 n\u00e5gra utskick fr\u00e5n oss<\/p>\n<p>\u2013 Det h\u00e4r senaste steget bort fr\u00e5n globalt ledarskap, klimatsamarbete och vetenskap kan bara skada den amerikanska ekonomin, jobben och levnadsstandarden, i takt med att skogsbr\u00e4nder, \u00f6versv\u00e4mningar, stormar och torka snabbt f\u00f6rv\u00e4rras, kommenterade Simon Stiell beslutet i ett <a href=\"https:\/\/unfccc.int\/news\/step-back-from-climate-cooperation-will-hurt-us-economy-statement-from-un-climate-chief-on-us\" rel=\"nofollow noopener\" target=\"_blank\">uttalande<\/a>.<\/p>\n<p>USA \u00e4r det f\u00f6rsta landet som l\u00e4mnar FN:s ramkonvention f\u00f6r klimatf\u00f6r\u00e4ndringar, UNFCCC. Samtidigt kliver man ocks\u00e5 av FN:s gr\u00f6na klimatfond, som finansierar klimat\u00e5tg\u00e4rder i utvecklingsl\u00e4nder, med omedelbar verkan. <\/p>\n<p>F\u00f6r knappt ett \u00e5r sedan beslutade president Donald Trump att USA l\u00e4mnar Parisavtalet, n\u00e5got som ber\u00e4knas tr\u00e4da i kraft i slutet av januari. En annan sammanslutning som USA nu meddelar att man l\u00e4mnar \u00e4r FN:s panel f\u00f6r biologisk m\u00e5ngfald, IPBES. David Obura, ordf\u00f6rande f\u00f6r IBPES, beklagar beslutet.<\/p>\n<p>\u2013 Tyv\u00e4rr kan vi inte bortse fr\u00e5n det faktum att mer \u00e4n en miljon arter av v\u00e4xter och djur riskerar att utrotas. Vi kan heller inte f\u00f6r\u00e4ndra det faktum att v\u00e4rldens ekonomier f\u00f6rlorar 25 biljoner dollar varje \u00e5r p\u00e5 grund av skador p\u00e5 milj\u00f6n, s\u00e4ger David Obura i ett <a href=\"https:\/\/www.ipbes.net\/node\/95839\" rel=\"nofollow noopener\" target=\"_blank\">uttalande<\/a>.<\/p>\n<p>Al Gore, tidigare vice president, \u00e4r en av de som kritiserar beslutet, liksom Joe Bidens tidigare klimatr\u00e5dgivare Gina McCarthy.<\/p>\n<p>\u2013 Trump kastar bort \u00e5rtionden av amerikanskt ledarskap och globalt samarbete inom klimatf\u00f6r\u00e4ndringar. Den h\u00e4r administrationen f\u00f6rintar v\u00e5r f\u00f6rm\u00e5ga att p\u00e5verka investeringar och beslut v\u00e4rda biljontals dollar som skulle kunna gynna v\u00e5r ekonomi och skydda oss fr\u00e5n dyrbara katastrofer, s\u00e4ger hon enligt <a href=\"https:\/\/www.theguardian.com\/us-news\/2026\/jan\/07\/trump-international-groups-un\" rel=\"nofollow noopener\" target=\"_blank\">The Guardian.<\/a><\/p>\n<p>            <a href=\"https:\/\/www.extrakt.se\/medarbetare\/elin-viksten\/\" rel=\"nofollow noopener\" target=\"_blank\">Elin Viksten<\/a>text<\/p>\n","protected":false},"excerpt":{"rendered":"USA:s besked att man l\u00e4mnar FN:s klimatkonvention samt ytterligare ett 60-tal internationella organisationer v\u00e4cker starka reaktioner. FN:s klimatchef&hellip;\n","protected":false},"author":2,"featured_media":131611,"comment_status":"","ping_status":"","sticky":false,"template":"","format":"standard","meta":{"footnotes":""},"categories":[5],"tags":[22,23,26,27,17,21,24,25,28,29,15,16,18,34,31,33,32,30,19,20],"class_list":{"0":"post-131610","1":"post","2":"type-post","3":"status-publish","4":"format-standard","5":"has-post-thumbnail","7":"category-rubriker","8":"tag-breaking-news","9":"tag-breakingnews","10":"tag-featured-news","11":"tag-featurednews","12":"tag-headlines","13":"tag-huvudnyheter","14":"tag-latest-news","15":"tag-latestnews","16":"tag-main-news","17":"tag-mainnews","18":"tag-news","19":"tag-nyheter","20":"tag-rubriker","21":"tag-se","22":"tag-svenska","23":"tag-sverige","24":"tag-sweden","25":"tag-swedish","26":"tag-top-stories","27":"tag-topstories"},"share_on_mastodon":{"url":"https:\/\/pubeurope.com\/@se\/115871483329062588","error":""},"_links":{"self":[{"href":"https:\/\/www.europesays.com\/se\/wp-json\/wp\/v2\/posts\/131610","targetHints":{"allow":["GET"]}}],"collection":[{"href":"https:\/\/www.europesays.com\/se\/wp-json\/wp\/v2\/posts"}],"about":[{"href":"https:\/\/www.europesays.com\/se\/wp-json\/wp\/v2\/types\/post"}],"author":[{"embeddable":true,"href":"https:\/\/www.europesays.com\/se\/wp-json\/wp\/v2\/users\/2"}],"replies":[{"embeddable":true,"href":"https:\/\/www.europesays.com\/se\/wp-json\/wp\/v2\/comments?post=131610"}],"version-history":[{"count":0,"href":"https:\/\/www.europesays.com\/se\/wp-json\/wp\/v2\/posts\/131610\/revisions"}],"wp:featuredmedia":[{"embeddable":true,"href":"https:\/\/www.europesays.com\/se\/wp-json\/wp\/v2\/media\/131611"}],"wp:attachment":[{"href":"https:\/\/www.europesays.com\/se\/wp-json\/wp\/v2\/media?parent=131610"}],"wp:term":[{"taxonomy":"category","embeddable":true,"href":"https:\/\/www.europesays.com\/se\/wp-json\/wp\/v2\/categories?post=131610"},{"taxonomy":"post_tag","embeddable":true,"href":"https:\/\/www.europesays.com\/se\/wp-json\/wp\/v2\/tags?post=131610"}],"curies":[{"name":"wp","href":"https:\/\/api.w.org\/{rel}","templated":true}]}}