{"id":131612,"date":"2026-01-10T15:22:08","date_gmt":"2026-01-10T15:22:08","guid":{"rendered":"https:\/\/www.europesays.com\/se\/131612\/"},"modified":"2026-01-10T15:22:08","modified_gmt":"2026-01-10T15:22:08","slug":"mallost-nar-smilla-holmberg-gjorde-arsenal-debut","status":"publish","type":"post","link":"https:\/\/www.europesays.com\/se\/131612\/","title":{"rendered":"M\u00e5ll\u00f6st n\u00e4r Smilla Holmberg gjorde Arsenal-debut"},"content":{"rendered":"<p>share-arrowDela<\/p>\n<p>unsaveSpara<\/p>\n<p>expand-left<\/p>\n<p>helsk\u00e4rm<img decoding=\"async\" class=\"image-asset hyperion-css-u06ts1\" data-test-tag=\"image-asset\" src=\"https:\/\/www.europesays.com\/se\/wp-content\/uploads\/2026\/01\/b7d795bd-288c-4665-8a83-b976385462f4.jpeg\"  alt=\"Smilla Holmberg under ett tr\u00e4ningspass med landslaget. Arkivbild.\"  loading=\"eager\" fetchpriority=\"high\" style=\"aspect-ratio:1900 \/ 1470\"\/>Smilla Holmberg under ett tr\u00e4ningspass med landslaget. Arkivbild. Foto: Jonas Ekstr\u00f6mer\/TT<\/p>\n<p class=\"hyperion-css-1shl3oz\" data-test-tag=\"lead-text\">F\u00f6r n\u00e5gra dagar sedan fick hon sin dr\u00f6mflytt.<\/p>\n<p class=\"hyperion-css-1shl3oz\" data-test-tag=\"lead-text\">Nu har supertalangen Smilla Holmberg debuterat f\u00f6r Arsenal.<\/p>\n<p class=\"hyperion-css-1v9qo5x\">I den 83:e matchminuten av Super Leagues storm\u00f6te mot Manchester United fick Holmberg \u00e4ran att hoppa in och debutera f\u00f6r sitt Arsenal.<\/p>\n<p class=\"hyperion-css-1v9qo5x\">I det skedet stod matchen 0\u20130, som \u00e4ven blev slutresultatet.<\/p>\n<p class=\"hyperion-css-1v9qo5x\">H\u00f6gerbacken, som missade den avg\u00f6rande straffen f\u00f6r Sverige mot England i kvartsfinalen i sommarens EM, l\u00e4mnade Hammarby efter s\u00e4songen d\u00e4r hon stod f\u00f6r sex m\u00e5l p\u00e5 26 matcher i damallsvenskan.<\/p>\n<p class=\"hyperion-css-1v9qo5x\">Stina Blackstenius hoppade ocks\u00e5 in fr\u00e5n b\u00e4nken, f\u00f6r Arsenal.<\/p>\n<p class=\"hyperion-css-1v9qo5x\">I bortalaget Manchester United startade tre svenskor. Anna Sandberg, Julia Zigiotti Olme och Fridolina Rolf\u00f6.<\/p>\n<p class=\"hyperion-css-1v9qo5x\">Arsenal ligger trea i Super League. Man United ligger fyra.<\/p>\n","protected":false},"excerpt":{"rendered":"share-arrowDela unsaveSpara expand-left helsk\u00e4rmSmilla Holmberg under ett tr\u00e4ningspass med landslaget. Arkivbild. Foto: Jonas Ekstr\u00f6mer\/TT F\u00f6r n\u00e5gra dagar sedan&hellip;\n","protected":false},"author":2,"featured_media":131613,"comment_status":"","ping_status":"","sticky":false,"template":"","format":"standard","meta":{"footnotes":""},"categories":[68],"tags":[34,111,110,31,33,32,30],"class_list":{"0":"post-131612","1":"post","2":"type-post","3":"status-publish","4":"format-standard","5":"has-post-thumbnail","7":"category-sport","8":"tag-se","9":"tag-sport","10":"tag-sports","11":"tag-svenska","12":"tag-sverige","13":"tag-sweden","14":"tag-swedish"},"share_on_mastodon":{"url":"https:\/\/pubeurope.com\/@se\/115871491195511295","error":""},"_links":{"self":[{"href":"https:\/\/www.europesays.com\/se\/wp-json\/wp\/v2\/posts\/131612","targetHints":{"allow":["GET"]}}],"collection":[{"href":"https:\/\/www.europesays.com\/se\/wp-json\/wp\/v2\/posts"}],"about":[{"href":"https:\/\/www.europesays.com\/se\/wp-json\/wp\/v2\/types\/post"}],"author":[{"embeddable":true,"href":"https:\/\/www.europesays.com\/se\/wp-json\/wp\/v2\/users\/2"}],"replies":[{"embeddable":true,"href":"https:\/\/www.europesays.com\/se\/wp-json\/wp\/v2\/comments?post=131612"}],"version-history":[{"count":0,"href":"https:\/\/www.europesays.com\/se\/wp-json\/wp\/v2\/posts\/131612\/revisions"}],"wp:featuredmedia":[{"embeddable":true,"href":"https:\/\/www.europesays.com\/se\/wp-json\/wp\/v2\/media\/131613"}],"wp:attachment":[{"href":"https:\/\/www.europesays.com\/se\/wp-json\/wp\/v2\/media?parent=131612"}],"wp:term":[{"taxonomy":"category","embeddable":true,"href":"https:\/\/www.europesays.com\/se\/wp-json\/wp\/v2\/categories?post=131612"},{"taxonomy":"post_tag","embeddable":true,"href":"https:\/\/www.europesays.com\/se\/wp-json\/wp\/v2\/tags?post=131612"}],"curies":[{"name":"wp","href":"https:\/\/api.w.org\/{rel}","templated":true}]}}