{"id":131614,"date":"2026-01-10T15:31:11","date_gmt":"2026-01-10T15:31:11","guid":{"rendered":"https:\/\/www.europesays.com\/se\/131614\/"},"modified":"2026-01-10T15:31:11","modified_gmt":"2026-01-10T15:31:11","slug":"sebastian-samuelsson-pa-pallen-i-galet-lopp-skidskytte","status":"publish","type":"post","link":"https:\/\/www.europesays.com\/se\/131614\/","title":{"rendered":"Sebastian Samuelsson p\u00e5 pallen i galet lopp | Skidskytte"},"content":{"rendered":"<p>Publicerad 10 jan 2026 kl 12.37Uppdaterad kl 14.35<\/p>\n<p>Han s\u00e5g ut att skjuta bort sig.<\/p>\n<p>Sedan chockade Sebastian Samuelsson alla med en pallplats.<\/p>\n<p>\u2013 Ingen fattade riktigt vad som h\u00e4nde, s\u00e4ger svensken.<\/p>\n<p><img   alt=\"\"\/><\/p>\n<p>Sebastian Samuelsson blev tv\u00e5a trea i jaktstarten.<\/p>\n<p>Foto: HENDRIK SCHMIDT \/ AP TT NYHETSBYR\u00c5N<\/p>\n<p>\u00d6ppna bild i helsk\u00e4rm<img loading=\"lazy\"   alt=\"\"\/><\/p>\n<p>Sebastian Samuelsson.<\/p>\n<p>Foto: MATHIAS BERGELD \/ BILDBYR\u00c5N<\/p>\n<p>\u00d6ppna bild i helsk\u00e4rm<img loading=\"lazy\"   alt=\"\"\/><\/p>\n<p>Martin Ponsiluoma.<\/p>\n<p>Foto: MATTHEW CHILDS \/ REUTERS BILDBYR\u00c5N<\/p>\n<p>\u00d6ppna bild i helsk\u00e4rm<\/p>\n<p><a href=\"https:\/\/www.expressen.se\/tagg\/person\/sebastian-samuelsson\/\" class=\"\" rel=\"nofollow noopener\" target=\"_blank\">Sebastian Samuelsson<\/a> gick ut som fyra i l\u00f6rdagens jaktstart.<\/p>\n<p>Utg\u00e5ngsl\u00e4get var 31 sekunder fr\u00e5n ledningen, och sex sekunder fr\u00e5n pallen.<\/p>\n<p>Och med sex bom p\u00e5 fyra skytten s\u00e5g han l\u00e4nge utr\u00e4knad ut.<\/p>\n<p>Men loppet utvecklade sig till en total bomfest \u2013 d\u00e4r v\u00e4ndningarna var o\u00e4ndliga och inget var skrivet i sten.<\/p>\n<p>\u2013 B\u00e4ttre \u00e4n s\u00e5 h\u00e4r kan de, sa coachen Johan Hagstr\u00f6m i SVT efter halva loppet.<\/p>\n<p>Chocken: \u201dHur \u00e4r det m\u00f6jligt?\u201d<\/p>\n<p>Sebastian Samuelsson var nog tacksam att \u00e4ven kombattanterna var l\u00e5ngt ifr\u00e5n fl\u00e4ckfria p\u00e5 skjutvallen.<\/p>\n<p>F\u00f6r trots sex bom tog svensken till slut en tredjeplats, bakom ettan Tommaso Giacomel (\u00e4ven han med sex bom) och tv\u00e5an Martin Uldal.<\/p>\n<p>\u2013 Hur \u00e4r det m\u00f6jligt?! fr\u00e5gade sig Bj\u00f6rn Ferry i SVT.<\/p>\n<p>\u201dIngen fattade vad som h\u00e4nde\u201d<\/p>\n<p>\u00c4ven Samuelsson sj\u00e4lv var chockad efter loppet.<\/p>\n<p>\u2013 Jag har pratat med m\u00e5nga duktiga skyttar h\u00e4r, och alla s\u00e4ger att de inte riktigt fattade vad som h\u00e4nde. Hade n\u00e5gon sagt till mig innan att jag skulle vara p\u00e5 pallen och Giacomel skulle vinna p\u00e5 sex bom hade jag aldrig trott det.<\/p>\n<p>N\u00e4r svensken f\u00f6rstod att han hade h\u00e4ng p\u00e5 pallplats gick han p\u00e5 full bl\u00e5s.<\/p>\n<p>\u2013 Hornen v\u00e4xte p\u00e5 mig. Jag t\u00e4nkte: \u201dIdag ska jag vara p\u00e5 pallen. Punkt slut\u201d.<\/p>\n<p>Martin Ponsiluoma blev n\u00e4st b\u00e4ste svensk p\u00e5 en femteplats. Ingen \u00e5kare klarade sig helt utan bom.<\/p>\n","protected":false},"excerpt":{"rendered":"Publicerad 10 jan 2026 kl 12.37Uppdaterad kl 14.35 Han s\u00e5g ut att skjuta bort sig. Sedan chockade Sebastian&hellip;\n","protected":false},"author":2,"featured_media":131615,"comment_status":"","ping_status":"","sticky":false,"template":"","format":"standard","meta":{"footnotes":""},"categories":[68],"tags":[5872,34,945,111,110,31,33,32,30],"class_list":{"0":"post-131614","1":"post","2":"type-post","3":"status-publish","4":"format-standard","5":"has-post-thumbnail","7":"category-sport","8":"tag-person-sebastian-samuelsson","9":"tag-se","10":"tag-sections-skidskytte","11":"tag-sport","12":"tag-sports","13":"tag-svenska","14":"tag-sverige","15":"tag-sweden","16":"tag-swedish"},"share_on_mastodon":{"url":"https:\/\/pubeurope.com\/@se\/115871526576519319","error":""},"_links":{"self":[{"href":"https:\/\/www.europesays.com\/se\/wp-json\/wp\/v2\/posts\/131614","targetHints":{"allow":["GET"]}}],"collection":[{"href":"https:\/\/www.europesays.com\/se\/wp-json\/wp\/v2\/posts"}],"about":[{"href":"https:\/\/www.europesays.com\/se\/wp-json\/wp\/v2\/types\/post"}],"author":[{"embeddable":true,"href":"https:\/\/www.europesays.com\/se\/wp-json\/wp\/v2\/users\/2"}],"replies":[{"embeddable":true,"href":"https:\/\/www.europesays.com\/se\/wp-json\/wp\/v2\/comments?post=131614"}],"version-history":[{"count":0,"href":"https:\/\/www.europesays.com\/se\/wp-json\/wp\/v2\/posts\/131614\/revisions"}],"wp:featuredmedia":[{"embeddable":true,"href":"https:\/\/www.europesays.com\/se\/wp-json\/wp\/v2\/media\/131615"}],"wp:attachment":[{"href":"https:\/\/www.europesays.com\/se\/wp-json\/wp\/v2\/media?parent=131614"}],"wp:term":[{"taxonomy":"category","embeddable":true,"href":"https:\/\/www.europesays.com\/se\/wp-json\/wp\/v2\/categories?post=131614"},{"taxonomy":"post_tag","embeddable":true,"href":"https:\/\/www.europesays.com\/se\/wp-json\/wp\/v2\/tags?post=131614"}],"curies":[{"name":"wp","href":"https:\/\/api.w.org\/{rel}","templated":true}]}}