{"id":131616,"date":"2026-01-10T15:39:13","date_gmt":"2026-01-10T15:39:13","guid":{"rendered":"https:\/\/www.europesays.com\/se\/131616\/"},"modified":"2026-01-10T15:39:13","modified_gmt":"2026-01-10T15:39:13","slug":"calle-halfvarsson-utslagen-direkt-i-kvartsfinal-i-sprinten-2","status":"publish","type":"post","link":"https:\/\/www.europesays.com\/se\/131616\/","title":{"rendered":"Calle Halfvarsson utslagen direkt i kvartsfinal i sprinten"},"content":{"rendered":"<p>Calle Halfvarsson har inte gett upp hoppet om en OS-plats. <\/p>\n<p>Under helgen t\u00e4vlar 36-\u00e5ringen i Sverigecupen i Falun. Men det blev ett fiasko direkt. <\/p>\n<p>Halfvarsson blev sjua i prologen i sprinten, men \u00e5kte sedan ut i kvartsfinal under l\u00f6rdagen. <\/p>\n<p>\u00c5kte in som trea i sitt heat<\/p>\n<p>\u2013 Tufft i dag. I g\u00e5r k\u00e4ndes det bra men i dag tycker jag att det blir ett stort steg tillbaka, s\u00e4ger Halfvarsson till SVT. <\/p>\n<p>I sitt heat \u00e5kte han in som trea, +0,49 efter Oskar Svensson som var snabbast. <\/p>\n<p>\u2013 Det \u00e4r synd att jag inte f\u00e5r det att funka p\u00e5 den h\u00e4r banan. Jag har bara inte dagen och inte kraften. <\/p>\n<p>Ger inte upp hoppet<\/p>\n<p>Chanserna f\u00f6r en OS-plats krymper, men \u00e4nnu ger Halfvarsson inte upp hoppet. <\/p>\n<p>\u2013 Jag kommer tr\u00e4na vidare. Blir det ingen OS s\u00e5 kommer jag bara vara hemma och bli i toppform om en m\u00e5nad.<\/p>\n<p>Snabbast i sprinten var Edvin Anger, som i sista stund best\u00e4mde sig f\u00f6r att t\u00e4vla. Tv\u00e5a blev Johan H\u00e4ggstr\u00f6m och trea blev Jesper Persson. <\/p>\n","protected":false},"excerpt":{"rendered":"Calle Halfvarsson har inte gett upp hoppet om en OS-plats. Under helgen t\u00e4vlar 36-\u00e5ringen i Sverigecupen i Falun.&hellip;\n","protected":false},"author":2,"featured_media":131617,"comment_status":"","ping_status":"","sticky":false,"template":"","format":"standard","meta":{"footnotes":""},"categories":[68],"tags":[34,111,110,31,33,32,30],"class_list":{"0":"post-131616","1":"post","2":"type-post","3":"status-publish","4":"format-standard","5":"has-post-thumbnail","7":"category-sport","8":"tag-se","9":"tag-sport","10":"tag-sports","11":"tag-svenska","12":"tag-sverige","13":"tag-sweden","14":"tag-swedish"},"share_on_mastodon":{"url":"https:\/\/pubeurope.com\/@se\/115871558053844443","error":""},"_links":{"self":[{"href":"https:\/\/www.europesays.com\/se\/wp-json\/wp\/v2\/posts\/131616","targetHints":{"allow":["GET"]}}],"collection":[{"href":"https:\/\/www.europesays.com\/se\/wp-json\/wp\/v2\/posts"}],"about":[{"href":"https:\/\/www.europesays.com\/se\/wp-json\/wp\/v2\/types\/post"}],"author":[{"embeddable":true,"href":"https:\/\/www.europesays.com\/se\/wp-json\/wp\/v2\/users\/2"}],"replies":[{"embeddable":true,"href":"https:\/\/www.europesays.com\/se\/wp-json\/wp\/v2\/comments?post=131616"}],"version-history":[{"count":0,"href":"https:\/\/www.europesays.com\/se\/wp-json\/wp\/v2\/posts\/131616\/revisions"}],"wp:featuredmedia":[{"embeddable":true,"href":"https:\/\/www.europesays.com\/se\/wp-json\/wp\/v2\/media\/131617"}],"wp:attachment":[{"href":"https:\/\/www.europesays.com\/se\/wp-json\/wp\/v2\/media?parent=131616"}],"wp:term":[{"taxonomy":"category","embeddable":true,"href":"https:\/\/www.europesays.com\/se\/wp-json\/wp\/v2\/categories?post=131616"},{"taxonomy":"post_tag","embeddable":true,"href":"https:\/\/www.europesays.com\/se\/wp-json\/wp\/v2\/tags?post=131616"}],"curies":[{"name":"wp","href":"https:\/\/api.w.org\/{rel}","templated":true}]}}