{"id":131618,"date":"2026-01-10T15:42:07","date_gmt":"2026-01-10T15:42:07","guid":{"rendered":"https:\/\/www.europesays.com\/se\/131618\/"},"modified":"2026-01-10T15:42:07","modified_gmt":"2026-01-10T15:42:07","slug":"mycket-gar-fel-nar-manskliga-robotar-visas-upp","status":"publish","type":"post","link":"https:\/\/www.europesays.com\/se\/131618\/","title":{"rendered":"Mycket g\u00e5r fel n\u00e4r m\u00e4nskliga robotar visas upp"},"content":{"rendered":"<p>P\u00e5 den \u00e5rliga konsumentteknikm\u00e4ssan CES i veckan visades roboten Cloid fr\u00e5n sydkoreanska LG upp f\u00f6r f\u00f6rsta g\u00e5ngen. Cirka 1,5 meter h\u00f6g, med m\u00e4nsklig form som exempelvis \u00f6gon i ansiktsdisplayen, tog roboten plats p\u00e5 scenen och vinkade till publiken.<\/p>\n<p>Men n\u00e4r det var dags f\u00f6r huvudnumret, stoppa in tv\u00e4tt i en tv\u00e4ttmaskin och sedan vika tv\u00e4tten, blev det jobbigare. Nyhetsbyr\u00e5n Bloombergs reporter beskriver att det gick \u201dpl\u00e5gsamt l\u00e5ngsamt\u201d f\u00f6r Cloid.<\/p>\n","protected":false},"excerpt":{"rendered":"P\u00e5 den \u00e5rliga konsumentteknikm\u00e4ssan CES i veckan visades roboten Cloid fr\u00e5n sydkoreanska LG upp f\u00f6r f\u00f6rsta g\u00e5ngen. Cirka&hellip;\n","protected":false},"author":2,"featured_media":131619,"comment_status":"","ping_status":"","sticky":false,"template":"","format":"standard","meta":{"footnotes":""},"categories":[65],"tags":[72,70,71,34,31,33,32,30],"class_list":{"0":"post-131618","1":"post","2":"type-post","3":"status-publish","4":"format-standard","5":"has-post-thumbnail","7":"category-ekonomi","8":"tag-business","9":"tag-economy","10":"tag-ekonomi","11":"tag-se","12":"tag-svenska","13":"tag-sverige","14":"tag-sweden","15":"tag-swedish"},"share_on_mastodon":{"url":"https:\/\/pubeurope.com\/@se\/115871569870094653","error":""},"_links":{"self":[{"href":"https:\/\/www.europesays.com\/se\/wp-json\/wp\/v2\/posts\/131618","targetHints":{"allow":["GET"]}}],"collection":[{"href":"https:\/\/www.europesays.com\/se\/wp-json\/wp\/v2\/posts"}],"about":[{"href":"https:\/\/www.europesays.com\/se\/wp-json\/wp\/v2\/types\/post"}],"author":[{"embeddable":true,"href":"https:\/\/www.europesays.com\/se\/wp-json\/wp\/v2\/users\/2"}],"replies":[{"embeddable":true,"href":"https:\/\/www.europesays.com\/se\/wp-json\/wp\/v2\/comments?post=131618"}],"version-history":[{"count":0,"href":"https:\/\/www.europesays.com\/se\/wp-json\/wp\/v2\/posts\/131618\/revisions"}],"wp:featuredmedia":[{"embeddable":true,"href":"https:\/\/www.europesays.com\/se\/wp-json\/wp\/v2\/media\/131619"}],"wp:attachment":[{"href":"https:\/\/www.europesays.com\/se\/wp-json\/wp\/v2\/media?parent=131618"}],"wp:term":[{"taxonomy":"category","embeddable":true,"href":"https:\/\/www.europesays.com\/se\/wp-json\/wp\/v2\/categories?post=131618"},{"taxonomy":"post_tag","embeddable":true,"href":"https:\/\/www.europesays.com\/se\/wp-json\/wp\/v2\/tags?post=131618"}],"curies":[{"name":"wp","href":"https:\/\/api.w.org\/{rel}","templated":true}]}}