{"id":131620,"date":"2026-01-10T15:47:06","date_gmt":"2026-01-10T15:47:06","guid":{"rendered":"https:\/\/www.europesays.com\/se\/131620\/"},"modified":"2026-01-10T15:47:06","modified_gmt":"2026-01-10T15:47:06","slug":"positivt-formbesked-i-henrik-harlauts-slopestyle-comeback","status":"publish","type":"post","link":"https:\/\/www.europesays.com\/se\/131620\/","title":{"rendered":"Positivt formbesked i Henrik Harlauts slopestyle-comeback"},"content":{"rendered":"<p>Sm\u00e5 missar stoppade Martin Nordqvists finalchanserna<\/p>\n<p class=\"normal\">Martin Nordqvist har inlett s\u00e4songen starkt med bland annat personb\u00e4sta i den senaste v\u00e4rldscupt\u00e4vlingen. I Aspen, som var s\u00e4songens f\u00f6rsta slopestylet\u00e4vling, visade han fortsatt stark \u00e5kning men sm\u00e5 missar gjorde att det inte r\u00e4ckte hela v\u00e4gen till final.<\/p>\n<p class=\"normal\">\u2013 Det k\u00e4nns sk\u00f6nt att ha landat tv\u00e5 \u00e5k men tr\u00e5kigt att det var missar i b\u00e5da \u00e5ken, s\u00e4ger Martin.<\/p>\n<p class=\"normal\">Victor Knutsen, som gjorde v\u00e4rldscupdebut i slopestyle, hade en lite tyngre t\u00e4vlingsdag. Men \u00e4ven om resultatet inte blev vad han hade hoppats p\u00e5 har han under de tv\u00e5 senaste v\u00e4rldscupt\u00e4vlingarna i USA samlat p\u00e5 sig v\u00e4rdefulla erfarenheter som han kommer ha nytta av fram\u00f6ver.<\/p>\n<p>Sista OS-genrepet v\u00e4ntar<\/p>\n<p class=\"normal\">Redan n\u00e4sta vecka v\u00e4ntar ytterligare en slopestylet\u00e4vling n\u00e4r v\u00e4rldscupen tar sig \u00f6ver Atlanten till Laax i Schweiz. D\u00e4r avg\u00f6rs den allra sista t\u00e4vlingen f\u00f6re OS i Milano\/Cortina \u2013 och d\u00e5 st\u00e4lls verkligen allt p\u00e5 sin spets. Resultaten i Laax kan bli direkt avg\u00f6rande f\u00f6r vilka \u00e5kare som till slut f\u00e5r f\u00f6rtroendet att representera Sverige.<\/p>\n<p class=\"normal\">\u2013 Jag \u00e4r sjukt peppad inf\u00f6r att \u00e5ka till Laax. Jag g\u00f6r precis allt jag kan f\u00f6r att f\u00f6rbereda mig s\u00e5 bra som m\u00f6jligt, s\u00e4ger Henrik.<\/p>\n<p class=\"normal\">\u00c4ven Martin ser fram emot en ny chans i slopestyle redan n\u00e4sta vecka.<\/p>\n<p class=\"normal\">\u2013 Jag hade en grym tr\u00e4ning h\u00e4r i Aspen s\u00e5 det tar jag med mig. Jag k\u00e4nner mig v\u00e4ldigt redo inf\u00f6r Laax, s\u00e4ger han.<\/p>\n<p class=\"normal\">L\u00c4S MER: <a href=\"https:\/\/www.fis-ski.com\/DB\/freestyle-freeski\/freeski\/calendar-results.html?eventselection=&amp;place=&amp;sectorcode=FS&amp;seasoncode=2026&amp;categorycode=WC&amp;disciplinecode=SS,BA,RE&amp;gendercode=&amp;racedate=&amp;racecodex=&amp;nationcode=&amp;seasonmonth=X-2026&amp;saveselection=-1&amp;seasonselection=\" rel=\"external nofollow noopener\" target=\"_blank\">Fullst\u00e4ndig v\u00e4rldscupprogram L\u00e4nk till annan webbplats, \u00f6ppnas i nytt f\u00f6nster.<\/a>.<\/p>\n<p>Resultat v\u00e4rldscupen slopesyle (Aspen, USA)<\/p>\n<p class=\"normal\"><strong>Damer<\/strong> <br \/>1) Kirsty Muir, GBR, 80.62p <br \/>2) Megan Oldham, CAN, 73.02p <br \/>3) Elena Gaskell, CAN, 72.90p<\/p>\n<p class=\"normal\"><strong>Herrar<\/strong> <br \/>1) Mac Forehand, USA, 77.38p <br \/>2) Henry Sildaru, EST, 75.90p <br \/>3) Ulrik Samnoey, NOR, 74.60p<\/p>\n<p class=\"normal\">33) Henrik Harlaut, \u00c5re SLK, 58.75p <br \/>34) Martin Nordqvist, RISK, 58.50p <br \/>57) Victor Knutsen, IFK Falun Alpin, 8.50p<\/p>\n<p class=\"normal\">L\u00c4S MER: <a href=\"https:\/\/www.fis-ski.com\/DB\/general\/event-details.html?sectorcode=FS&amp;eventid=57944&amp;seasoncode=2026\" rel=\"external nofollow noopener\" target=\"_blank\">Fullst\u00e4ndig resultatlista L\u00e4nk till annan webbplats, \u00f6ppnas i nytt f\u00f6nster.<\/a>.<\/p>\n","protected":false},"excerpt":{"rendered":"Sm\u00e5 missar stoppade Martin Nordqvists finalchanserna Martin Nordqvist har inlett s\u00e4songen starkt med bland annat personb\u00e4sta i den&hellip;\n","protected":false},"author":2,"featured_media":131621,"comment_status":"","ping_status":"","sticky":false,"template":"","format":"standard","meta":{"footnotes":""},"categories":[68],"tags":[34,111,110,31,33,32,30],"class_list":{"0":"post-131620","1":"post","2":"type-post","3":"status-publish","4":"format-standard","5":"has-post-thumbnail","7":"category-sport","8":"tag-se","9":"tag-sport","10":"tag-sports","11":"tag-svenska","12":"tag-sverige","13":"tag-sweden","14":"tag-swedish"},"share_on_mastodon":{"url":"https:\/\/pubeurope.com\/@se\/115871589524126773","error":""},"_links":{"self":[{"href":"https:\/\/www.europesays.com\/se\/wp-json\/wp\/v2\/posts\/131620","targetHints":{"allow":["GET"]}}],"collection":[{"href":"https:\/\/www.europesays.com\/se\/wp-json\/wp\/v2\/posts"}],"about":[{"href":"https:\/\/www.europesays.com\/se\/wp-json\/wp\/v2\/types\/post"}],"author":[{"embeddable":true,"href":"https:\/\/www.europesays.com\/se\/wp-json\/wp\/v2\/users\/2"}],"replies":[{"embeddable":true,"href":"https:\/\/www.europesays.com\/se\/wp-json\/wp\/v2\/comments?post=131620"}],"version-history":[{"count":0,"href":"https:\/\/www.europesays.com\/se\/wp-json\/wp\/v2\/posts\/131620\/revisions"}],"wp:featuredmedia":[{"embeddable":true,"href":"https:\/\/www.europesays.com\/se\/wp-json\/wp\/v2\/media\/131621"}],"wp:attachment":[{"href":"https:\/\/www.europesays.com\/se\/wp-json\/wp\/v2\/media?parent=131620"}],"wp:term":[{"taxonomy":"category","embeddable":true,"href":"https:\/\/www.europesays.com\/se\/wp-json\/wp\/v2\/categories?post=131620"},{"taxonomy":"post_tag","embeddable":true,"href":"https:\/\/www.europesays.com\/se\/wp-json\/wp\/v2\/tags?post=131620"}],"curies":[{"name":"wp","href":"https:\/\/api.w.org\/{rel}","templated":true}]}}